{"id":12896,"date":"2025-12-04T12:22:00","date_gmt":"2025-12-04T12:22:00","guid":{"rendered":"https:\/\/www.abchukuk.com\/index.php\/2025\/12\/04\/buyukcekmece-adliyesinden-sonra-simdi-de-adalar-adliyesi-adli-emanette-ikinci-soygun\/"},"modified":"2025-12-04T12:22:00","modified_gmt":"2025-12-04T12:22:00","slug":"buyukcekmece-adliyesinden-sonra-simdi-de-adalar-adliyesi-adli-emanette-ikinci-soygun","status":"publish","type":"post","link":"https:\/\/www.abchukuk.com\/index.php\/2025\/12\/04\/buyukcekmece-adliyesinden-sonra-simdi-de-adalar-adliyesi-adli-emanette-ikinci-soygun\/","title":{"rendered":"B\u00fcy\u00fck\u00e7ekmece Adliyesi&#8217;nden Sonra \u015eimdi de Adalar Adliyesi! Adli Emanette \u0130kinci Soygun"},"content":{"rendered":"<p><a href=\"https:\/\/www.gercekgundem.com\/guncel\/buyukcekmece-adliyesinden-sonra-simdi-de-adalar-adliyesi-adli-emanette-ikinci-soygun-zabit-katibi-tutuklandi-562997\"><br \/>\n                                                            <img decoding=\"async\" src=\"https:\/\/i.gercekgundem.com\/2\/150\/84\/storage\/files\/images\/2025\/12\/04\/buyukcekmece-adliyesinden-sonra-simdi-de-adalar-adliyesi-adli-emanette-ikinci-soygun-zabit-katibi-tutuklandi-w617.jpg\" width=\"150\" height=\"84\" border=\"0\" align=\"right\" \/><br \/>\n                                                    <\/a><\/p>\n<h4>Adalar Cumhuriyet Ba\u015fsavc\u0131l\u0131\u011f\u0131&#8217;na ait emanet deposunda yap\u0131lan denetimde 12 silah\u0131n kay\u0131p oldu\u011fu tespit edildi. Silahlar\u0131 \u00e7alarak satt\u0131\u011f\u0131 iddia edilen zab\u0131t katibi U.E. tutuklan\u0131rken, kay\u0131p 9 silah\u0131n bulunamad\u0131\u011f\u0131 \u00f6\u011frenildi.<\/h4>\n<p>Adalar Cumhuriyet Ba\u015fsavc\u0131l\u0131\u011f\u0131&#8217;na ait emanet deposunda yap\u0131lan denetimde 12 silah\u0131n kay\u0131p oldu\u011fu tespit edildi. Silahlar\u0131 \u00e7alarak satt\u0131\u011f\u0131 iddia edilen zab\u0131t katibi U.E. tutuklan\u0131rken, kay\u0131p 9 silah\u0131n bulunamad\u0131\u011f\u0131 \u00f6\u011frenildi.\u00a0<a href=\"https:\/\/www.gercekgundem.com\/guncel\/buyukcekmece-adliyesinden-sonra-simdi-de-adalar-adliyesi-adli-emanette-ikinci-soygun-zabit-katibi-tutuklandi-562997\" target=\"_blank\" class=\"feedzy-rss-link-icon\">Read More<\/a><\/p>","protected":false},"excerpt":{"rendered":"<p>Adalar Cumhuriyet Ba\u015fsavc\u0131l\u0131\u011f\u0131&#8217;na ait emanet deposunda yap\u0131lan denetimde 12 silah\u0131n kay\u0131p oldu\u011fu tespit edildi. Silahlar\u0131 \u00e7alarak satt\u0131\u011f\u0131 iddia edilen zab\u0131t katibi U.E. tutuklan\u0131rken, kay\u0131p 9 silah\u0131n bulunamad\u0131\u011f\u0131 \u00f6\u011frenildi. Adalar Cumhuriyet Ba\u015fsavc\u0131l\u0131\u011f\u0131&#8217;na ait emanet deposunda yap\u0131lan denetimde 12 silah\u0131n kay\u0131p oldu\u011fu tespit edildi. Silahlar\u0131 \u00e7alarak satt\u0131\u011f\u0131 iddia edilen zab\u0131t katibi U.E. tutuklan\u0131rken, kay\u0131p 9 silah\u0131n bulunamad\u0131\u011f\u0131 [&hellip;]<\/p>\n","protected":false},"author":1,"featured_media":12897,"comment_status":"open","ping_status":"open","sticky":false,"template":"","format":"standard","meta":{"footnotes":"","_links_to":"","_links_to_target":""},"categories":[1],"tags":[],"class_list":["post-12896","post","type-post","status-publish","format-standard","has-post-thumbnail","hentry","category-haberler"],"_links":{"self":[{"href":"https:\/\/www.abchukuk.com\/index.php\/wp-json\/wp\/v2\/posts\/12896","targetHints":{"allow":["GET"]}}],"collection":[{"href":"https:\/\/www.abchukuk.com\/index.php\/wp-json\/wp\/v2\/posts"}],"about":[{"href":"https:\/\/www.abchukuk.com\/index.php\/wp-json\/wp\/v2\/types\/post"}],"author":[{"embeddable":true,"href":"https:\/\/www.abchukuk.com\/index.php\/wp-json\/wp\/v2\/users\/1"}],"replies":[{"embeddable":true,"href":"https:\/\/www.abchukuk.com\/index.php\/wp-json\/wp\/v2\/comments?post=12896"}],"version-history":[{"count":0,"href":"https:\/\/www.abchukuk.com\/index.php\/wp-json\/wp\/v2\/posts\/12896\/revisions"}],"wp:featuredmedia":[{"embeddable":true,"href":"https:\/\/www.abchukuk.com\/index.php\/wp-json\/wp\/v2\/media\/12897"}],"wp:attachment":[{"href":"https:\/\/www.abchukuk.com\/index.php\/wp-json\/wp\/v2\/media?parent=12896"}],"wp:term":[{"taxonomy":"category","embeddable":true,"href":"https:\/\/www.abchukuk.com\/index.php\/wp-json\/wp\/v2\/categories?post=12896"},{"taxonomy":"post_tag","embeddable":true,"href":"https:\/\/www.abchukuk.com\/index.php\/wp-json\/wp\/v2\/tags?post=12896"}],"curies":[{"name":"wp","href":"https:\/\/api.w.org\/{rel}","templated":true}]}}