{"id":12895,"date":"2025-12-04T12:34:38","date_gmt":"2025-12-04T12:34:38","guid":{"rendered":"https:\/\/www.abchukuk.com\/index.php\/2025\/12\/04\/sontv-ozel-2-bin-kisilik-hsk-mazeret-kararnamesi-yayimlandi-tebligatlar-pazartesi-basliyor\/"},"modified":"2025-12-04T12:34:38","modified_gmt":"2025-12-04T12:34:38","slug":"sontv-ozel-2-bin-kisilik-hsk-mazeret-kararnamesi-yayimlandi-tebligatlar-pazartesi-basliyor","status":"publish","type":"post","link":"https:\/\/www.abchukuk.com\/index.php\/2025\/12\/04\/sontv-ozel-2-bin-kisilik-hsk-mazeret-kararnamesi-yayimlandi-tebligatlar-pazartesi-basliyor\/","title":{"rendered":"SONTV \u00d6ZEL: 2 bin ki\u015filik HSK mazeret kararnamesi yay\u0131mland\u0131! Tebligatlar pazartesi ba\u015fl\u0131yor"},"content":{"rendered":"<p>SONTV\u2019nin HSK kaynaklar\u0131ndan edindi\u011fi bilgilere g\u00f6re, kararname sonras\u0131 en kritik a\u015fama olan tebli\u011f s\u00fcreci Pazartesi g\u00fcn\u00fc ba\u015fl\u0131yor. Tebli\u011flerin ba\u015flamas\u0131yla birlikte, atamas\u0131 yap\u0131lan h\u00e2kim ve savc\u0131lar\u0131n yeni g\u00f6rev yerlerine ge\u00e7i\u015f takvimi de resmiyet kazanm\u0131\u015f olacak.<\/p>\n<p>Bu y\u0131lki mazeret kararnamesi, hem kapsam\u0131 hem de personel hareketlili\u011fi bak\u0131m\u0131ndan son y\u0131llar\u0131n en b\u00fcy\u00fck d\u00fczenlemelerinden biri olarak de\u011ferlendiriliyor. Ailevi nedenler, sa\u011fl\u0131k mazeretleri, zorunlu durumlar ve adliyelerdeki i\u015f y\u00fck\u00fc dengesi g\u00f6zetilerek yap\u0131lan yer de\u011fi\u015fiklikleri, yarg\u0131 camias\u0131nda geni\u015f yank\u0131 uyand\u0131rd\u0131.<\/p>\n<p>HSK kaynaklar\u0131, SONTV\u2019ye yapt\u0131klar\u0131 de\u011ferlendirmede, \u201cKararname yay\u0131mland\u0131, tebli\u011fatlar Pazartesi g\u00fcn\u00fc itibar\u0131yla adliyelere ula\u015fmaya ba\u015flayacak. S\u00fcre\u00e7 h\u0131zl\u0131 ve koordineli \u015fekilde i\u015fletilecek\u201d bilgisini payla\u015ft\u0131.<\/p>\n<p>Mazeret kararnamesiyle g\u00f6rev yeri de\u011fi\u015fen yarg\u0131 mensuplar\u0131n\u0131n, tebli\u011flerin ard\u0131ndan en k\u0131sa s\u00fcrede yeni g\u00f6rev yerlerinde \u00e7al\u0131\u015fmalar\u0131na ba\u015flamas\u0131 bekleniyor.<\/p>\n<p>Hakimler ve Savc\u0131lar Kurulu\u2019nun (HSK) merakla beklenen yakla\u015f\u0131k 2 bin ki\u015filik mazeret kararnamesi yay\u0131mland\u0131. Kararnameyle birlikte T\u00fcrkiye genelinde \u00e7ok say\u0131da h\u00e2kim ve savc\u0131n\u0131n g\u00f6rev yeri de\u011fi\u015fti. Atamas\u0131 \u00e7\u0131kan yarg\u0131 mensuplar\u0131, bulunduklar\u0131 adliyelerdeki ili\u015fik kesme i\u015flemleri i\u00e7in HSK\u2019dan gelecek resm\u00ee tebli\u011fleri bekliyordu.\u00a0<a href=\"https:\/\/www.son.tv\/sontv-ozel-2-bin-kisilik-hsk-mazeret-kararnamesi-yayimlandi-tebligatlar-pazartesi-basliyor\/\" target=\"_blank\" class=\"feedzy-rss-link-icon\">Read More<\/a><\/p>","protected":false},"excerpt":{"rendered":"<p>SONTV\u2019nin HSK kaynaklar\u0131ndan edindi\u011fi bilgilere g\u00f6re, kararname sonras\u0131 en kritik a\u015fama olan tebli\u011f s\u00fcreci Pazartesi g\u00fcn\u00fc ba\u015fl\u0131yor. Tebli\u011flerin ba\u015flamas\u0131yla birlikte, atamas\u0131 yap\u0131lan h\u00e2kim ve savc\u0131lar\u0131n yeni g\u00f6rev yerlerine ge\u00e7i\u015f takvimi de resmiyet kazanm\u0131\u015f olacak. Bu y\u0131lki mazeret kararnamesi, hem kapsam\u0131 hem de personel hareketlili\u011fi bak\u0131m\u0131ndan son y\u0131llar\u0131n en b\u00fcy\u00fck d\u00fczenlemelerinden biri olarak de\u011ferlendiriliyor. Ailevi nedenler, [&hellip;]<\/p>\n","protected":false},"author":1,"featured_media":0,"comment_status":"open","ping_status":"open","sticky":false,"template":"","format":"standard","meta":{"footnotes":"","_links_to":"","_links_to_target":""},"categories":[1],"tags":[],"class_list":["post-12895","post","type-post","status-publish","format-standard","hentry","category-haberler"],"_links":{"self":[{"href":"https:\/\/www.abchukuk.com\/index.php\/wp-json\/wp\/v2\/posts\/12895","targetHints":{"allow":["GET"]}}],"collection":[{"href":"https:\/\/www.abchukuk.com\/index.php\/wp-json\/wp\/v2\/posts"}],"about":[{"href":"https:\/\/www.abchukuk.com\/index.php\/wp-json\/wp\/v2\/types\/post"}],"author":[{"embeddable":true,"href":"https:\/\/www.abchukuk.com\/index.php\/wp-json\/wp\/v2\/users\/1"}],"replies":[{"embeddable":true,"href":"https:\/\/www.abchukuk.com\/index.php\/wp-json\/wp\/v2\/comments?post=12895"}],"version-history":[{"count":0,"href":"https:\/\/www.abchukuk.com\/index.php\/wp-json\/wp\/v2\/posts\/12895\/revisions"}],"wp:attachment":[{"href":"https:\/\/www.abchukuk.com\/index.php\/wp-json\/wp\/v2\/media?parent=12895"}],"wp:term":[{"taxonomy":"category","embeddable":true,"href":"https:\/\/www.abchukuk.com\/index.php\/wp-json\/wp\/v2\/categories?post=12895"},{"taxonomy":"post_tag","embeddable":true,"href":"https:\/\/www.abchukuk.com\/index.php\/wp-json\/wp\/v2\/tags?post=12895"}],"curies":[{"name":"wp","href":"https:\/\/api.w.org\/{rel}","templated":true}]}}