{"id":12880,"date":"2025-12-04T06:53:00","date_gmt":"2025-12-04T06:53:00","guid":{"rendered":"https:\/\/www.abchukuk.com\/index.php\/2025\/12\/04\/aymden-5-siyasi-partiye-mali-denetim-karari-resmi-gazetede-yayimlandi\/"},"modified":"2025-12-04T06:53:00","modified_gmt":"2025-12-04T06:53:00","slug":"aymden-5-siyasi-partiye-mali-denetim-karari-resmi-gazetede-yayimlandi","status":"publish","type":"post","link":"https:\/\/www.abchukuk.com\/index.php\/2025\/12\/04\/aymden-5-siyasi-partiye-mali-denetim-karari-resmi-gazetede-yayimlandi\/","title":{"rendered":"AYM\u2019den 5 siyasi partiye mali denetim karar\u0131: Resmi Gazete&#8217;de yay\u0131mland\u0131"},"content":{"rendered":"<p>Anayasa Mahkemesi, Vatan Partisi, Yurt Partisi, T\u00fcrkiye Kom\u00fcnist Hareketi Partisi, T\u00fcrkiye Kom\u00fcnist Partisi ve \u0130\u015f\u00e7i Demokrasisi Partisi\u2019nin belirli y\u0131llara ait mali denetimlerine ili\u015fkin kararlar\u0131n\u0131 a\u00e7\u0131klad\u0131. Kararlar, Resm\u00ee Gazete\u2019nin bug\u00fcnk\u00fc say\u0131s\u0131nda yay\u0131mland\u0131.Anayasa Mahkemesi, Vatan Partisi, Yurt Partisi, T\u00fcrkiye Kom\u00fcnist Hareketi Partisi, T\u00fcrkiye Kom\u00fcnist Partisi ve \u0130\u015f\u00e7i Demokrasisi Partisi\u2019nin belirli y\u0131llara ait mali denetimlerine ili\u015fkin kararlar\u0131n\u0131 a\u00e7\u0131klad\u0131. Kararlar, Resm\u00ee Gazete\u2019nin bug\u00fcnk\u00fc say\u0131s\u0131nda yay\u0131mland\u0131.\u00a0<a href=\"https:\/\/www.cumhuriyet.com.tr\/turkiye\/aym-den-5-siyasi-partiye-mali-denetim-karari-resmi-gazete-de-yayimlandi-2458374\" target=\"_blank\" class=\"feedzy-rss-link-icon\">Read More<\/a><\/p>","protected":false},"excerpt":{"rendered":"<p>Anayasa Mahkemesi, Vatan Partisi, Yurt Partisi, T\u00fcrkiye Kom\u00fcnist Hareketi Partisi, T\u00fcrkiye Kom\u00fcnist Partisi ve \u0130\u015f\u00e7i Demokrasisi Partisi\u2019nin belirli y\u0131llara ait mali denetimlerine ili\u015fkin kararlar\u0131n\u0131 a\u00e7\u0131klad\u0131. Kararlar, Resm\u00ee Gazete\u2019nin bug\u00fcnk\u00fc say\u0131s\u0131nda yay\u0131mland\u0131.Anayasa Mahkemesi, Vatan Partisi, Yurt Partisi, T\u00fcrkiye Kom\u00fcnist Hareketi Partisi, T\u00fcrkiye Kom\u00fcnist Partisi ve \u0130\u015f\u00e7i Demokrasisi Partisi\u2019nin belirli y\u0131llara ait mali denetimlerine ili\u015fkin kararlar\u0131n\u0131 a\u00e7\u0131klad\u0131. [&hellip;]<\/p>\n","protected":false},"author":1,"featured_media":12881,"comment_status":"open","ping_status":"open","sticky":false,"template":"","format":"standard","meta":{"footnotes":"","_links_to":"","_links_to_target":""},"categories":[1],"tags":[],"class_list":["post-12880","post","type-post","status-publish","format-standard","has-post-thumbnail","hentry","category-haberler"],"_links":{"self":[{"href":"https:\/\/www.abchukuk.com\/index.php\/wp-json\/wp\/v2\/posts\/12880","targetHints":{"allow":["GET"]}}],"collection":[{"href":"https:\/\/www.abchukuk.com\/index.php\/wp-json\/wp\/v2\/posts"}],"about":[{"href":"https:\/\/www.abchukuk.com\/index.php\/wp-json\/wp\/v2\/types\/post"}],"author":[{"embeddable":true,"href":"https:\/\/www.abchukuk.com\/index.php\/wp-json\/wp\/v2\/users\/1"}],"replies":[{"embeddable":true,"href":"https:\/\/www.abchukuk.com\/index.php\/wp-json\/wp\/v2\/comments?post=12880"}],"version-history":[{"count":0,"href":"https:\/\/www.abchukuk.com\/index.php\/wp-json\/wp\/v2\/posts\/12880\/revisions"}],"wp:featuredmedia":[{"embeddable":true,"href":"https:\/\/www.abchukuk.com\/index.php\/wp-json\/wp\/v2\/media\/12881"}],"wp:attachment":[{"href":"https:\/\/www.abchukuk.com\/index.php\/wp-json\/wp\/v2\/media?parent=12880"}],"wp:term":[{"taxonomy":"category","embeddable":true,"href":"https:\/\/www.abchukuk.com\/index.php\/wp-json\/wp\/v2\/categories?post=12880"},{"taxonomy":"post_tag","embeddable":true,"href":"https:\/\/www.abchukuk.com\/index.php\/wp-json\/wp\/v2\/tags?post=12880"}],"curies":[{"name":"wp","href":"https:\/\/api.w.org\/{rel}","templated":true}]}}