{"id":12876,"date":"2025-12-04T07:43:00","date_gmt":"2025-12-04T07:43:00","guid":{"rendered":"https:\/\/www.abchukuk.com\/index.php\/2025\/12\/04\/ferdi-zeyrekin-olumune-iliskin-davanin-ilk-durusmasi-yarin-10-sanik-hakim-karsisina-cikacak\/"},"modified":"2025-12-04T07:43:00","modified_gmt":"2025-12-04T07:43:00","slug":"ferdi-zeyrekin-olumune-iliskin-davanin-ilk-durusmasi-yarin-10-sanik-hakim-karsisina-cikacak","status":"publish","type":"post","link":"https:\/\/www.abchukuk.com\/index.php\/2025\/12\/04\/ferdi-zeyrekin-olumune-iliskin-davanin-ilk-durusmasi-yarin-10-sanik-hakim-karsisina-cikacak\/","title":{"rendered":"Ferdi Zeyrek&#8217;in \u00f6l\u00fcm\u00fcne ili\u015fkin davan\u0131n ilk duru\u015fmas\u0131 yar\u0131n: 10 san\u0131k hakim kar\u015f\u0131s\u0131na \u00e7\u0131kacak"},"content":{"rendered":"<p>CHP&#8217;li Manisa B\u00fcy\u00fck\u015fehir Belediye Ba\u015fkan\u0131 Ferdi Zeyrek&#8217;in elektrik ak\u0131m\u0131na kap\u0131larak hayat\u0131n\u0131 kaybetmesi ve Nurcan Zeyrek&#8217;in de e\u015fini kurtarmaya \u00e7al\u0131\u015f\u0131rken yaralanmas\u0131na ili\u015fkin davan\u0131n ilk duru\u015fmas\u0131 yar\u0131n ba\u015flayacak.CHP&#8217;li Manisa B\u00fcy\u00fck\u015fehir Belediye Ba\u015fkan\u0131 Ferdi Zeyrek&#8217;in elektrik ak\u0131m\u0131na kap\u0131larak hayat\u0131n\u0131 kaybetmesi ve Nurcan Zeyrek&#8217;in de e\u015fini kurtarmaya \u00e7al\u0131\u015f\u0131rken yaralanmas\u0131na ili\u015fkin davan\u0131n ilk duru\u015fmas\u0131 yar\u0131n ba\u015flayacak.\u00a0<a href=\"https:\/\/www.cumhuriyet.com.tr\/turkiye\/ferdi-zeyrek-in-olumune-iliskin-davanin-ilk-durusmasi-yarin-10-sanik-hakim-karsisina-cikacak-2458402\" target=\"_blank\" class=\"feedzy-rss-link-icon\">Read More<\/a><\/p>","protected":false},"excerpt":{"rendered":"<p>CHP&#8217;li Manisa B\u00fcy\u00fck\u015fehir Belediye Ba\u015fkan\u0131 Ferdi Zeyrek&#8217;in elektrik ak\u0131m\u0131na kap\u0131larak hayat\u0131n\u0131 kaybetmesi ve Nurcan Zeyrek&#8217;in de e\u015fini kurtarmaya \u00e7al\u0131\u015f\u0131rken yaralanmas\u0131na ili\u015fkin davan\u0131n ilk duru\u015fmas\u0131 yar\u0131n ba\u015flayacak.CHP&#8217;li Manisa B\u00fcy\u00fck\u015fehir Belediye Ba\u015fkan\u0131 Ferdi Zeyrek&#8217;in elektrik ak\u0131m\u0131na kap\u0131larak hayat\u0131n\u0131 kaybetmesi ve Nurcan Zeyrek&#8217;in de e\u015fini kurtarmaya \u00e7al\u0131\u015f\u0131rken yaralanmas\u0131na ili\u015fkin davan\u0131n ilk duru\u015fmas\u0131 yar\u0131n ba\u015flayacak.\u00a0Read More<\/p>\n","protected":false},"author":1,"featured_media":12877,"comment_status":"open","ping_status":"open","sticky":false,"template":"","format":"standard","meta":{"footnotes":"","_links_to":"","_links_to_target":""},"categories":[1],"tags":[],"class_list":["post-12876","post","type-post","status-publish","format-standard","has-post-thumbnail","hentry","category-haberler"],"_links":{"self":[{"href":"https:\/\/www.abchukuk.com\/index.php\/wp-json\/wp\/v2\/posts\/12876","targetHints":{"allow":["GET"]}}],"collection":[{"href":"https:\/\/www.abchukuk.com\/index.php\/wp-json\/wp\/v2\/posts"}],"about":[{"href":"https:\/\/www.abchukuk.com\/index.php\/wp-json\/wp\/v2\/types\/post"}],"author":[{"embeddable":true,"href":"https:\/\/www.abchukuk.com\/index.php\/wp-json\/wp\/v2\/users\/1"}],"replies":[{"embeddable":true,"href":"https:\/\/www.abchukuk.com\/index.php\/wp-json\/wp\/v2\/comments?post=12876"}],"version-history":[{"count":0,"href":"https:\/\/www.abchukuk.com\/index.php\/wp-json\/wp\/v2\/posts\/12876\/revisions"}],"wp:featuredmedia":[{"embeddable":true,"href":"https:\/\/www.abchukuk.com\/index.php\/wp-json\/wp\/v2\/media\/12877"}],"wp:attachment":[{"href":"https:\/\/www.abchukuk.com\/index.php\/wp-json\/wp\/v2\/media?parent=12876"}],"wp:term":[{"taxonomy":"category","embeddable":true,"href":"https:\/\/www.abchukuk.com\/index.php\/wp-json\/wp\/v2\/categories?post=12876"},{"taxonomy":"post_tag","embeddable":true,"href":"https:\/\/www.abchukuk.com\/index.php\/wp-json\/wp\/v2\/tags?post=12876"}],"curies":[{"name":"wp","href":"https:\/\/api.w.org\/{rel}","templated":true}]}}