{"id":12874,"date":"2025-12-04T05:22:00","date_gmt":"2025-12-04T05:22:00","guid":{"rendered":"https:\/\/www.abchukuk.com\/index.php\/2025\/12\/04\/11-yargi-paketi-tbmm-adalet-komisyonunda-2\/"},"modified":"2025-12-04T05:22:00","modified_gmt":"2025-12-04T05:22:00","slug":"11-yargi-paketi-tbmm-adalet-komisyonunda-2","status":"publish","type":"post","link":"https:\/\/www.abchukuk.com\/index.php\/2025\/12\/04\/11-yargi-paketi-tbmm-adalet-komisyonunda-2\/","title":{"rendered":"11. Yarg\u0131 Paketi, TBMM Adalet Komisyonunda"},"content":{"rendered":"<p>TBMM Adalet Komisyonunda, 31 Temmuz 2023 ve \u00f6ncesinde i\u015flenen su\u00e7lar bak\u0131m\u0131ndan h\u00fck\u00fcml\u00fclerin kapal\u0131 cezaevinden a\u00e7\u0131k cezaevine, a\u00e7\u0131k cezaevinden denetimli serbestli\u011fe 3 y\u0131l daha erken ayr\u0131lmalar\u0131na ili\u015fkin d\u00fczenlemeyi de i\u00e7eren, kamuoyunda 11. Yarg\u0131 Paketi olarak bilinen T\u00fcrk Ceza Kanunu ile Baz\u0131 Kanunlarda De\u011fi\u015fiklik Yap\u0131lmas\u0131na Dair Kanun Teklifi&#8217;nin ilk 15 maddesi kabul edildi.TBMM Adalet Komisyonunda, 31 Temmuz 2023 ve \u00f6ncesinde i\u015flenen su\u00e7lar bak\u0131m\u0131ndan h\u00fck\u00fcml\u00fclerin kapal\u0131 cezaevinden a\u00e7\u0131k cezaevine, a\u00e7\u0131k cezaevinden denetimli serbestli\u011fe 3 y\u0131l daha erken ayr\u0131lmalar\u0131na ili\u015fkin d\u00fczenlemeyi de i\u00e7eren, kamuoyunda 11. Yarg\u0131 Paketi olarak bilinen T\u00fcrk Ceza Kanunu ile Baz\u0131 Kanunlarda De\u011fi\u015fiklik Yap\u0131lmas\u0131na Dair Kanun Teklifi&#8217;nin ilk 15 maddesi kabul edildi.\u00a0<a href=\"https:\/\/www.dunya.com\/gundem\/11-yargi-paketi-tbmm-adalet-komisyonunda-haberi-805905\" target=\"_blank\" class=\"feedzy-rss-link-icon\">Read More<\/a><\/p>","protected":false},"excerpt":{"rendered":"<p>TBMM Adalet Komisyonunda, 31 Temmuz 2023 ve \u00f6ncesinde i\u015flenen su\u00e7lar bak\u0131m\u0131ndan h\u00fck\u00fcml\u00fclerin kapal\u0131 cezaevinden a\u00e7\u0131k cezaevine, a\u00e7\u0131k cezaevinden denetimli serbestli\u011fe 3 y\u0131l daha erken ayr\u0131lmalar\u0131na ili\u015fkin d\u00fczenlemeyi de i\u00e7eren, kamuoyunda 11. Yarg\u0131 Paketi olarak bilinen T\u00fcrk Ceza Kanunu ile Baz\u0131 Kanunlarda De\u011fi\u015fiklik Yap\u0131lmas\u0131na Dair Kanun Teklifi&#8217;nin ilk 15 maddesi kabul edildi.TBMM Adalet Komisyonunda, 31 Temmuz [&hellip;]<\/p>\n","protected":false},"author":1,"featured_media":12875,"comment_status":"open","ping_status":"open","sticky":false,"template":"","format":"standard","meta":{"footnotes":"","_links_to":"","_links_to_target":""},"categories":[1],"tags":[],"class_list":["post-12874","post","type-post","status-publish","format-standard","has-post-thumbnail","hentry","category-haberler"],"_links":{"self":[{"href":"https:\/\/www.abchukuk.com\/index.php\/wp-json\/wp\/v2\/posts\/12874","targetHints":{"allow":["GET"]}}],"collection":[{"href":"https:\/\/www.abchukuk.com\/index.php\/wp-json\/wp\/v2\/posts"}],"about":[{"href":"https:\/\/www.abchukuk.com\/index.php\/wp-json\/wp\/v2\/types\/post"}],"author":[{"embeddable":true,"href":"https:\/\/www.abchukuk.com\/index.php\/wp-json\/wp\/v2\/users\/1"}],"replies":[{"embeddable":true,"href":"https:\/\/www.abchukuk.com\/index.php\/wp-json\/wp\/v2\/comments?post=12874"}],"version-history":[{"count":0,"href":"https:\/\/www.abchukuk.com\/index.php\/wp-json\/wp\/v2\/posts\/12874\/revisions"}],"wp:featuredmedia":[{"embeddable":true,"href":"https:\/\/www.abchukuk.com\/index.php\/wp-json\/wp\/v2\/media\/12875"}],"wp:attachment":[{"href":"https:\/\/www.abchukuk.com\/index.php\/wp-json\/wp\/v2\/media?parent=12874"}],"wp:term":[{"taxonomy":"category","embeddable":true,"href":"https:\/\/www.abchukuk.com\/index.php\/wp-json\/wp\/v2\/categories?post=12874"},{"taxonomy":"post_tag","embeddable":true,"href":"https:\/\/www.abchukuk.com\/index.php\/wp-json\/wp\/v2\/tags?post=12874"}],"curies":[{"name":"wp","href":"https:\/\/api.w.org\/{rel}","templated":true}]}}