{"id":12870,"date":"2025-12-04T05:42:00","date_gmt":"2025-12-04T05:42:00","guid":{"rendered":"https:\/\/www.abchukuk.com\/index.php\/2025\/12\/04\/esenyurtta-yangin-panigi-5-katli-bina-tahliye-edildi\/"},"modified":"2025-12-04T05:42:00","modified_gmt":"2025-12-04T05:42:00","slug":"esenyurtta-yangin-panigi-5-katli-bina-tahliye-edildi","status":"publish","type":"post","link":"https:\/\/www.abchukuk.com\/index.php\/2025\/12\/04\/esenyurtta-yangin-panigi-5-katli-bina-tahliye-edildi\/","title":{"rendered":"Esenyurt&#8217;ta yang\u0131n pani\u011fi&#8230; 5 katl\u0131 bina tahliye edildi!"},"content":{"rendered":"<p>Esenyurt&#8217;ta 5 katl\u0131 bir binan\u0131n ikinci kat\u0131nda \u00e7\u0131kan yang\u0131nda mahsur kalan yurtta\u015flar tahliye edildi. Dumandan etkilenen bina sakinleri hastaneye kald\u0131r\u0131ld\u0131.Esenyurt&#8217;ta 5 katl\u0131 bir binan\u0131n ikinci kat\u0131nda \u00e7\u0131kan yang\u0131nda mahsur kalan yurtta\u015flar tahliye edildi. Dumandan etkilenen bina sakinleri hastaneye kald\u0131r\u0131ld\u0131.\u00a0<a href=\"https:\/\/www.cumhuriyet.com.tr\/turkiye\/esenyurt-ta-yangin-panigi-5-katli-bina-tahliye-edildi-2458340\" target=\"_blank\" class=\"feedzy-rss-link-icon\">Read More<\/a><\/p>","protected":false},"excerpt":{"rendered":"<p>Esenyurt&#8217;ta 5 katl\u0131 bir binan\u0131n ikinci kat\u0131nda \u00e7\u0131kan yang\u0131nda mahsur kalan yurtta\u015flar tahliye edildi. Dumandan etkilenen bina sakinleri hastaneye kald\u0131r\u0131ld\u0131.Esenyurt&#8217;ta 5 katl\u0131 bir binan\u0131n ikinci kat\u0131nda \u00e7\u0131kan yang\u0131nda mahsur kalan yurtta\u015flar tahliye edildi. Dumandan etkilenen bina sakinleri hastaneye kald\u0131r\u0131ld\u0131.\u00a0Read More<\/p>\n","protected":false},"author":1,"featured_media":12871,"comment_status":"open","ping_status":"open","sticky":false,"template":"","format":"standard","meta":{"footnotes":"","_links_to":"","_links_to_target":""},"categories":[1],"tags":[],"class_list":["post-12870","post","type-post","status-publish","format-standard","has-post-thumbnail","hentry","category-haberler"],"_links":{"self":[{"href":"https:\/\/www.abchukuk.com\/index.php\/wp-json\/wp\/v2\/posts\/12870","targetHints":{"allow":["GET"]}}],"collection":[{"href":"https:\/\/www.abchukuk.com\/index.php\/wp-json\/wp\/v2\/posts"}],"about":[{"href":"https:\/\/www.abchukuk.com\/index.php\/wp-json\/wp\/v2\/types\/post"}],"author":[{"embeddable":true,"href":"https:\/\/www.abchukuk.com\/index.php\/wp-json\/wp\/v2\/users\/1"}],"replies":[{"embeddable":true,"href":"https:\/\/www.abchukuk.com\/index.php\/wp-json\/wp\/v2\/comments?post=12870"}],"version-history":[{"count":0,"href":"https:\/\/www.abchukuk.com\/index.php\/wp-json\/wp\/v2\/posts\/12870\/revisions"}],"wp:featuredmedia":[{"embeddable":true,"href":"https:\/\/www.abchukuk.com\/index.php\/wp-json\/wp\/v2\/media\/12871"}],"wp:attachment":[{"href":"https:\/\/www.abchukuk.com\/index.php\/wp-json\/wp\/v2\/media?parent=12870"}],"wp:term":[{"taxonomy":"category","embeddable":true,"href":"https:\/\/www.abchukuk.com\/index.php\/wp-json\/wp\/v2\/categories?post=12870"},{"taxonomy":"post_tag","embeddable":true,"href":"https:\/\/www.abchukuk.com\/index.php\/wp-json\/wp\/v2\/tags?post=12870"}],"curies":[{"name":"wp","href":"https:\/\/api.w.org\/{rel}","templated":true}]}}