{"id":12867,"date":"2025-12-03T13:32:55","date_gmt":"2025-12-03T13:32:55","guid":{"rendered":"https:\/\/www.abchukuk.com\/index.php\/2025\/12\/03\/kurusikiyla-ates-ettiler-2-cocuk-gozaltinda\/"},"modified":"2025-12-03T13:32:55","modified_gmt":"2025-12-03T13:32:55","slug":"kurusikiyla-ates-ettiler-2-cocuk-gozaltinda","status":"publish","type":"post","link":"https:\/\/www.abchukuk.com\/index.php\/2025\/12\/03\/kurusikiyla-ates-ettiler-2-cocuk-gozaltinda\/","title":{"rendered":"Kurus\u0131k\u0131yla ate\u015f ettiler! 2 \u00e7ocuk g\u00f6zalt\u0131nda!"},"content":{"rendered":"<p>\u0130stanbul Esenyurt&#8217;ta feci bir g\u00f6r\u00fcnt\u00fc kaydedildi. Olayda iki ortaokul \u00f6\u011frencisinin kurus\u0131k\u0131 tabancayla ate\u015f etti\u011fi anlar \u00e7evredekiler taraf\u0131ndan kaydedildi. G\u00f6r\u00fcnt\u00fclerin ard\u0131ndan polis, \u00e7ocuklar\u0131 g\u00f6zalt\u0131na alarak \u00c7ocuk \u015eube M\u00fcd\u00fcrl\u00fc\u011f\u00fcne g\u00f6t\u00fcrd\u00fc\u0130stanbul Esenyurt&#8217;ta feci bir g\u00f6r\u00fcnt\u00fc kaydedildi. Olayda iki ortaokul \u00f6\u011frencisinin kurus\u0131k\u0131 tabancayla ate\u015f etti\u011fi anlar \u00e7evredekiler taraf\u0131ndan kaydedildi. G\u00f6r\u00fcnt\u00fclerin ard\u0131ndan polis, \u00e7ocuklar\u0131 g\u00f6zalt\u0131na alarak \u00c7ocuk \u015eube M\u00fcd\u00fcrl\u00fc\u011f\u00fcne g\u00f6t\u00fcrd\u00fc\u00a0<a href=\"https:\/\/www.haberturk.com\/tepki-ceken-goruntude-iki-cocuk-gozaltinda-3842636\" target=\"_blank\" class=\"feedzy-rss-link-icon\">Read More<\/a><\/p>","protected":false},"excerpt":{"rendered":"<p>\u0130stanbul Esenyurt&#8217;ta feci bir g\u00f6r\u00fcnt\u00fc kaydedildi. Olayda iki ortaokul \u00f6\u011frencisinin kurus\u0131k\u0131 tabancayla ate\u015f etti\u011fi anlar \u00e7evredekiler taraf\u0131ndan kaydedildi. G\u00f6r\u00fcnt\u00fclerin ard\u0131ndan polis, \u00e7ocuklar\u0131 g\u00f6zalt\u0131na alarak \u00c7ocuk \u015eube M\u00fcd\u00fcrl\u00fc\u011f\u00fcne g\u00f6t\u00fcrd\u00fc\u0130stanbul Esenyurt&#8217;ta feci bir g\u00f6r\u00fcnt\u00fc kaydedildi. Olayda iki ortaokul \u00f6\u011frencisinin kurus\u0131k\u0131 tabancayla ate\u015f etti\u011fi anlar \u00e7evredekiler taraf\u0131ndan kaydedildi. G\u00f6r\u00fcnt\u00fclerin ard\u0131ndan polis, \u00e7ocuklar\u0131 g\u00f6zalt\u0131na alarak \u00c7ocuk \u015eube M\u00fcd\u00fcrl\u00fc\u011f\u00fcne g\u00f6t\u00fcrd\u00fc\u00a0Read [&hellip;]<\/p>\n","protected":false},"author":1,"featured_media":0,"comment_status":"open","ping_status":"open","sticky":false,"template":"","format":"standard","meta":{"footnotes":"","_links_to":"","_links_to_target":""},"categories":[1],"tags":[],"class_list":["post-12867","post","type-post","status-publish","format-standard","hentry","category-haberler"],"_links":{"self":[{"href":"https:\/\/www.abchukuk.com\/index.php\/wp-json\/wp\/v2\/posts\/12867","targetHints":{"allow":["GET"]}}],"collection":[{"href":"https:\/\/www.abchukuk.com\/index.php\/wp-json\/wp\/v2\/posts"}],"about":[{"href":"https:\/\/www.abchukuk.com\/index.php\/wp-json\/wp\/v2\/types\/post"}],"author":[{"embeddable":true,"href":"https:\/\/www.abchukuk.com\/index.php\/wp-json\/wp\/v2\/users\/1"}],"replies":[{"embeddable":true,"href":"https:\/\/www.abchukuk.com\/index.php\/wp-json\/wp\/v2\/comments?post=12867"}],"version-history":[{"count":0,"href":"https:\/\/www.abchukuk.com\/index.php\/wp-json\/wp\/v2\/posts\/12867\/revisions"}],"wp:attachment":[{"href":"https:\/\/www.abchukuk.com\/index.php\/wp-json\/wp\/v2\/media?parent=12867"}],"wp:term":[{"taxonomy":"category","embeddable":true,"href":"https:\/\/www.abchukuk.com\/index.php\/wp-json\/wp\/v2\/categories?post=12867"},{"taxonomy":"post_tag","embeddable":true,"href":"https:\/\/www.abchukuk.com\/index.php\/wp-json\/wp\/v2\/tags?post=12867"}],"curies":[{"name":"wp","href":"https:\/\/api.w.org\/{rel}","templated":true}]}}