{"id":12862,"date":"2025-12-03T21:35:04","date_gmt":"2025-12-03T21:35:04","guid":{"rendered":"https:\/\/www.abchukuk.com\/index.php\/2025\/12\/03\/11-yargi-paketi-meclisten-gecti-mi\/"},"modified":"2025-12-03T21:35:04","modified_gmt":"2025-12-03T21:35:04","slug":"11-yargi-paketi-meclisten-gecti-mi","status":"publish","type":"post","link":"https:\/\/www.abchukuk.com\/index.php\/2025\/12\/03\/11-yargi-paketi-meclisten-gecti-mi\/","title":{"rendered":"11. Yarg\u0131 Paketi Meclis\u2019ten ge\u00e7ti mi?"},"content":{"rendered":"<p>11. Yarg\u0131 Paketi son durum geli\u015fmeleri yak\u0131ndan takip ediliyor. AK Parti milletvekillerinin imzas\u0131n\u0131 ta\u015f\u0131yan T\u00fcrk Ceza Kanunu ile Baz\u0131 Kanunlarda De\u011fi\u015fiklik Yap\u0131lmas\u0131na Dair Kanun Teklifi, 27 Kas\u0131m 2025 tarihinde TBMM Ba\u015fkanl\u0131\u011f\u0131na sunulmu\u015ftu. Toplam 38 maddeden olu\u015fan kanun teklifiyle \u0130cra ve \u0130flas Kanunu&#8217;nda de\u011fi\u015fikli\u011fe gidilecek. Adalet Bakan\u0131 Y\u0131lmaz Tun\u00e7, kamuoyunda &#8220;11. Yarg\u0131 Paketi&#8221; olarak bilinen kanun teklifinde toplumsal huzuru sa\u011flamaya y\u00f6nelik \u00f6nemli d\u00fczenlemelerin yer ald\u0131\u011f\u0131n\u0131 vurgulad\u0131. Peki, 11. Yarg\u0131 Paketi Meclis\u2019ten ge\u00e7ti mi, ne zaman \u00e7\u0131kacak, maddeleri neler, infaz d\u00fczenlemesi ve af var m\u0131? \u0130\u015fte 11. Yarg\u0131 Paketi maddeleri ve i\u00e7eri\u011fi hakk\u0131nda detaylar&#8230;11. Yarg\u0131 Paketi son durum geli\u015fmeleri yak\u0131ndan takip ediliyor. AK Parti milletvekillerinin imzas\u0131n\u0131 ta\u015f\u0131yan T\u00fcrk Ceza Kanunu ile Baz\u0131 Kanunlarda De\u011fi\u015fiklik Yap\u0131lmas\u0131na Dair Kanun Teklifi, 27 Kas\u0131m 2025 tarihinde TBMM Ba\u015fkanl\u0131\u011f\u0131na sunulmu\u015ftu. Toplam 38 maddeden olu\u015fan kanun teklifiyle \u0130cra ve \u0130flas Kanunu&#8217;nda de\u011fi\u015fikli\u011fe gidilecek. Adalet Bakan\u0131 Y\u0131lmaz Tun\u00e7, kamuoyunda &#8220;11. Yarg\u0131 Paketi&#8221; olarak bilinen kanun teklifinde toplumsal huzuru sa\u011flamaya y\u00f6nelik \u00f6nemli d\u00fczenlemelerin yer ald\u0131\u011f\u0131n\u0131 vurgulad\u0131. Peki, 11. Yarg\u0131 Paketi Meclis\u2019ten ge\u00e7ti mi, ne zaman \u00e7\u0131kacak, maddeleri neler, infaz d\u00fczenlemesi ve af var m\u0131? \u0130\u015fte 11. Yarg\u0131 Paketi maddeleri ve i\u00e7eri\u011fi hakk\u0131nda detaylar&#8230;\u00a0<a href=\"https:\/\/www.haberturk.com\/11-yargi-paketi-son-durum-2025-11-yargi-paketi-meclisten-gecti-mi-ne-zaman-cikacak-yeni-yargi-paketi-maddeleri-neler-infaz-duzenlemesi-ve-af-var-mi-3842621\" target=\"_blank\" class=\"feedzy-rss-link-icon\">Read More<\/a><\/p>","protected":false},"excerpt":{"rendered":"<p>11. Yarg\u0131 Paketi son durum geli\u015fmeleri yak\u0131ndan takip ediliyor. AK Parti milletvekillerinin imzas\u0131n\u0131 ta\u015f\u0131yan T\u00fcrk Ceza Kanunu ile Baz\u0131 Kanunlarda De\u011fi\u015fiklik Yap\u0131lmas\u0131na Dair Kanun Teklifi, 27 Kas\u0131m 2025 tarihinde TBMM Ba\u015fkanl\u0131\u011f\u0131na sunulmu\u015ftu. Toplam 38 maddeden olu\u015fan kanun teklifiyle \u0130cra ve \u0130flas Kanunu&#8217;nda de\u011fi\u015fikli\u011fe gidilecek. Adalet Bakan\u0131 Y\u0131lmaz Tun\u00e7, kamuoyunda &#8220;11. Yarg\u0131 Paketi&#8221; olarak bilinen kanun [&hellip;]<\/p>\n","protected":false},"author":1,"featured_media":0,"comment_status":"open","ping_status":"open","sticky":false,"template":"","format":"standard","meta":{"footnotes":"","_links_to":"","_links_to_target":""},"categories":[1],"tags":[],"class_list":["post-12862","post","type-post","status-publish","format-standard","hentry","category-haberler"],"_links":{"self":[{"href":"https:\/\/www.abchukuk.com\/index.php\/wp-json\/wp\/v2\/posts\/12862","targetHints":{"allow":["GET"]}}],"collection":[{"href":"https:\/\/www.abchukuk.com\/index.php\/wp-json\/wp\/v2\/posts"}],"about":[{"href":"https:\/\/www.abchukuk.com\/index.php\/wp-json\/wp\/v2\/types\/post"}],"author":[{"embeddable":true,"href":"https:\/\/www.abchukuk.com\/index.php\/wp-json\/wp\/v2\/users\/1"}],"replies":[{"embeddable":true,"href":"https:\/\/www.abchukuk.com\/index.php\/wp-json\/wp\/v2\/comments?post=12862"}],"version-history":[{"count":0,"href":"https:\/\/www.abchukuk.com\/index.php\/wp-json\/wp\/v2\/posts\/12862\/revisions"}],"wp:attachment":[{"href":"https:\/\/www.abchukuk.com\/index.php\/wp-json\/wp\/v2\/media?parent=12862"}],"wp:term":[{"taxonomy":"category","embeddable":true,"href":"https:\/\/www.abchukuk.com\/index.php\/wp-json\/wp\/v2\/categories?post=12862"},{"taxonomy":"post_tag","embeddable":true,"href":"https:\/\/www.abchukuk.com\/index.php\/wp-json\/wp\/v2\/tags?post=12862"}],"curies":[{"name":"wp","href":"https:\/\/api.w.org\/{rel}","templated":true}]}}