{"id":12861,"date":"2025-12-03T23:13:02","date_gmt":"2025-12-03T23:13:02","guid":{"rendered":"https:\/\/www.abchukuk.com\/index.php\/2025\/12\/03\/11-yargi-paketi-tbmm-adalet-komisyonunda\/"},"modified":"2025-12-03T23:13:02","modified_gmt":"2025-12-03T23:13:02","slug":"11-yargi-paketi-tbmm-adalet-komisyonunda","status":"publish","type":"post","link":"https:\/\/www.abchukuk.com\/index.php\/2025\/12\/03\/11-yargi-paketi-tbmm-adalet-komisyonunda\/","title":{"rendered":"11. Yarg\u0131 Paketi, TBMM Adalet Komisyonu&#8217;nda"},"content":{"rendered":"<p>TBMM Adalet Komisyonunda, 31 Temmuz 2023 ve \u00f6ncesinde i\u015flenen su\u00e7lar bak\u0131m\u0131ndan h\u00fck\u00fcml\u00fclerin kapal\u0131 cezaevinden a\u00e7\u0131k cezaevine, a\u00e7\u0131k cezaevinden denetimli serbestli\u011fe 3 y\u0131l daha erken ayr\u0131lmalar\u0131na ili\u015fkin d\u00fczenlemeyi de i\u00e7eren, kamuoyunda 11. Yarg\u0131 Paketi olarak bilinen T\u00fcrk Ceza Kanunu ile Baz\u0131 Kanunlarda De\u011fi\u015fiklik Yap\u0131lmas\u0131na Dair Kanun Teklifi&#8217;nin ilk 15 maddesi kabul edildiTBMM Adalet Komisyonunda, 31 Temmuz 2023 ve \u00f6ncesinde i\u015flenen su\u00e7lar bak\u0131m\u0131ndan h\u00fck\u00fcml\u00fclerin kapal\u0131 cezaevinden a\u00e7\u0131k cezaevine, a\u00e7\u0131k cezaevinden denetimli serbestli\u011fe 3 y\u0131l daha erken ayr\u0131lmalar\u0131na ili\u015fkin d\u00fczenlemeyi de i\u00e7eren, kamuoyunda 11. Yarg\u0131 Paketi olarak bilinen T\u00fcrk Ceza Kanunu ile Baz\u0131 Kanunlarda De\u011fi\u015fiklik Yap\u0131lmas\u0131na Dair Kanun Teklifi&#8217;nin ilk 15 maddesi kabul edildi\u00a0<a href=\"https:\/\/www.haberturk.com\/11-yargi-paketi-tbmm-adalet-komisyonu-nda-3842729\" target=\"_blank\" class=\"feedzy-rss-link-icon\">Read More<\/a><\/p>","protected":false},"excerpt":{"rendered":"<p>TBMM Adalet Komisyonunda, 31 Temmuz 2023 ve \u00f6ncesinde i\u015flenen su\u00e7lar bak\u0131m\u0131ndan h\u00fck\u00fcml\u00fclerin kapal\u0131 cezaevinden a\u00e7\u0131k cezaevine, a\u00e7\u0131k cezaevinden denetimli serbestli\u011fe 3 y\u0131l daha erken ayr\u0131lmalar\u0131na ili\u015fkin d\u00fczenlemeyi de i\u00e7eren, kamuoyunda 11. Yarg\u0131 Paketi olarak bilinen T\u00fcrk Ceza Kanunu ile Baz\u0131 Kanunlarda De\u011fi\u015fiklik Yap\u0131lmas\u0131na Dair Kanun Teklifi&#8217;nin ilk 15 maddesi kabul edildiTBMM Adalet Komisyonunda, 31 Temmuz [&hellip;]<\/p>\n","protected":false},"author":1,"featured_media":0,"comment_status":"open","ping_status":"open","sticky":false,"template":"","format":"standard","meta":{"footnotes":"","_links_to":"","_links_to_target":""},"categories":[1],"tags":[],"class_list":["post-12861","post","type-post","status-publish","format-standard","hentry","category-haberler"],"_links":{"self":[{"href":"https:\/\/www.abchukuk.com\/index.php\/wp-json\/wp\/v2\/posts\/12861","targetHints":{"allow":["GET"]}}],"collection":[{"href":"https:\/\/www.abchukuk.com\/index.php\/wp-json\/wp\/v2\/posts"}],"about":[{"href":"https:\/\/www.abchukuk.com\/index.php\/wp-json\/wp\/v2\/types\/post"}],"author":[{"embeddable":true,"href":"https:\/\/www.abchukuk.com\/index.php\/wp-json\/wp\/v2\/users\/1"}],"replies":[{"embeddable":true,"href":"https:\/\/www.abchukuk.com\/index.php\/wp-json\/wp\/v2\/comments?post=12861"}],"version-history":[{"count":0,"href":"https:\/\/www.abchukuk.com\/index.php\/wp-json\/wp\/v2\/posts\/12861\/revisions"}],"wp:attachment":[{"href":"https:\/\/www.abchukuk.com\/index.php\/wp-json\/wp\/v2\/media?parent=12861"}],"wp:term":[{"taxonomy":"category","embeddable":true,"href":"https:\/\/www.abchukuk.com\/index.php\/wp-json\/wp\/v2\/categories?post=12861"},{"taxonomy":"post_tag","embeddable":true,"href":"https:\/\/www.abchukuk.com\/index.php\/wp-json\/wp\/v2\/tags?post=12861"}],"curies":[{"name":"wp","href":"https:\/\/api.w.org\/{rel}","templated":true}]}}