{"id":12836,"date":"2025-12-03T21:38:00","date_gmt":"2025-12-03T21:38:00","guid":{"rendered":"https:\/\/www.abchukuk.com\/index.php\/2025\/12\/03\/hsknin-1351-hakim-ve-savci-atama-karari-resmi-gazetede\/"},"modified":"2025-12-03T21:38:00","modified_gmt":"2025-12-03T21:38:00","slug":"hsknin-1351-hakim-ve-savci-atama-karari-resmi-gazetede","status":"publish","type":"post","link":"https:\/\/www.abchukuk.com\/index.php\/2025\/12\/03\/hsknin-1351-hakim-ve-savci-atama-karari-resmi-gazetede\/","title":{"rendered":"HSK&#8217;n\u0131n 1351 Hakim ve Savc\u0131 Atama Karar\u0131 Resmi Gazete&#8217;de"},"content":{"rendered":"<p><a href=\"https:\/\/www.gercekgundem.com\/guncel\/hsknin-1351-hakim-ve-savci-atama-karari-resmi-gazetede-562973\"><br \/>\n                                                            <img decoding=\"async\" src=\"https:\/\/i.gercekgundem.com\/2\/150\/84\/storage\/files\/images\/2025\/12\/04\/hsknin-1351-hakim-ve-savci-atama-karari-resmi-gazetede-fnvz.jpg\" width=\"150\" height=\"84\" border=\"0\" align=\"right\" \/><br \/>\n                                                    <\/a><\/p>\n<h4>HSK taraf\u0131ndan 1204 adli yarg\u0131 hakim ve cumhuriyet savc\u0131s\u0131 aday\u0131 ile 147 idari yarg\u0131 hakim aday\u0131n\u0131n atama karar\u0131, Resmi Gazete&#8217;de yay\u0131mland\u0131.<\/h4>\n<p>HSK taraf\u0131ndan 1204 adli yarg\u0131 hakim ve cumhuriyet savc\u0131s\u0131 aday\u0131 ile 147 idari yarg\u0131 hakim aday\u0131n\u0131n atama karar\u0131, Resmi Gazete&#8217;de yay\u0131mland\u0131.\u00a0<a href=\"https:\/\/www.gercekgundem.com\/guncel\/hsknin-1351-hakim-ve-savci-atama-karari-resmi-gazetede-562973\" target=\"_blank\" class=\"feedzy-rss-link-icon\">Read More<\/a><\/p>","protected":false},"excerpt":{"rendered":"<p>HSK taraf\u0131ndan 1204 adli yarg\u0131 hakim ve cumhuriyet savc\u0131s\u0131 aday\u0131 ile 147 idari yarg\u0131 hakim aday\u0131n\u0131n atama karar\u0131, Resmi Gazete&#8217;de yay\u0131mland\u0131. HSK taraf\u0131ndan 1204 adli yarg\u0131 hakim ve cumhuriyet savc\u0131s\u0131 aday\u0131 ile 147 idari yarg\u0131 hakim aday\u0131n\u0131n atama karar\u0131, Resmi Gazete&#8217;de yay\u0131mland\u0131.\u00a0Read More<\/p>\n","protected":false},"author":1,"featured_media":12837,"comment_status":"open","ping_status":"open","sticky":false,"template":"","format":"standard","meta":{"footnotes":"","_links_to":"","_links_to_target":""},"categories":[1],"tags":[],"class_list":["post-12836","post","type-post","status-publish","format-standard","has-post-thumbnail","hentry","category-haberler"],"_links":{"self":[{"href":"https:\/\/www.abchukuk.com\/index.php\/wp-json\/wp\/v2\/posts\/12836","targetHints":{"allow":["GET"]}}],"collection":[{"href":"https:\/\/www.abchukuk.com\/index.php\/wp-json\/wp\/v2\/posts"}],"about":[{"href":"https:\/\/www.abchukuk.com\/index.php\/wp-json\/wp\/v2\/types\/post"}],"author":[{"embeddable":true,"href":"https:\/\/www.abchukuk.com\/index.php\/wp-json\/wp\/v2\/users\/1"}],"replies":[{"embeddable":true,"href":"https:\/\/www.abchukuk.com\/index.php\/wp-json\/wp\/v2\/comments?post=12836"}],"version-history":[{"count":0,"href":"https:\/\/www.abchukuk.com\/index.php\/wp-json\/wp\/v2\/posts\/12836\/revisions"}],"wp:featuredmedia":[{"embeddable":true,"href":"https:\/\/www.abchukuk.com\/index.php\/wp-json\/wp\/v2\/media\/12837"}],"wp:attachment":[{"href":"https:\/\/www.abchukuk.com\/index.php\/wp-json\/wp\/v2\/media?parent=12836"}],"wp:term":[{"taxonomy":"category","embeddable":true,"href":"https:\/\/www.abchukuk.com\/index.php\/wp-json\/wp\/v2\/categories?post=12836"},{"taxonomy":"post_tag","embeddable":true,"href":"https:\/\/www.abchukuk.com\/index.php\/wp-json\/wp\/v2\/tags?post=12836"}],"curies":[{"name":"wp","href":"https:\/\/api.w.org\/{rel}","templated":true}]}}