{"id":12832,"date":"2025-12-03T17:46:00","date_gmt":"2025-12-03T17:46:00","guid":{"rendered":"https:\/\/www.abchukuk.com\/index.php\/2025\/12\/03\/gozaltina-alinan-gokhan-gonul-hakkinda-karar-cikti\/"},"modified":"2025-12-03T17:46:00","modified_gmt":"2025-12-03T17:46:00","slug":"gozaltina-alinan-gokhan-gonul-hakkinda-karar-cikti","status":"publish","type":"post","link":"https:\/\/www.abchukuk.com\/index.php\/2025\/12\/03\/gozaltina-alinan-gokhan-gonul-hakkinda-karar-cikti\/","title":{"rendered":"G\u00f6zalt\u0131na al\u0131nan G\u00f6khan G\u00f6n\u00fcl hakk\u0131nda karar \u00e7\u0131kt\u0131"},"content":{"rendered":"<p>Borsa \u0130stanbul\u2019daki manip\u00fclasyon soru\u015fturmas\u0131 kapsam\u0131nda g\u00f6zalt\u0131na al\u0131nan eski futbolcu G\u00f6khan G\u00f6n\u00fcl ile Cemal \u00c7ekinkaya, savc\u0131l\u0131k i\u015flemlerinin ard\u0131ndan ev hapsi ve yurt d\u0131\u015f\u0131 \u00e7\u0131k\u0131\u015f yasa\u011f\u0131yla serbest b\u0131rak\u0131ld\u0131; di\u011fer 10 \u015f\u00fcpheli hakk\u0131ndaki i\u015flemler s\u00fcr\u00fcyor.Borsa \u0130stanbul\u2019daki manip\u00fclasyon soru\u015fturmas\u0131 kapsam\u0131nda g\u00f6zalt\u0131na al\u0131nan eski futbolcu G\u00f6khan G\u00f6n\u00fcl ile Cemal \u00c7ekinkaya, savc\u0131l\u0131k i\u015flemlerinin ard\u0131ndan ev hapsi ve yurt d\u0131\u015f\u0131 \u00e7\u0131k\u0131\u015f yasa\u011f\u0131yla serbest b\u0131rak\u0131ld\u0131; di\u011fer 10 \u015f\u00fcpheli hakk\u0131ndaki i\u015flemler s\u00fcr\u00fcyor.\u00a0<a href=\"https:\/\/www.dunya.com\/gundem\/gozaltina-alinan-gokhan-gonul-hakkinda-karar-cikti-haberi-805878\" target=\"_blank\" class=\"feedzy-rss-link-icon\">Read More<\/a><\/p>","protected":false},"excerpt":{"rendered":"<p>Borsa \u0130stanbul\u2019daki manip\u00fclasyon soru\u015fturmas\u0131 kapsam\u0131nda g\u00f6zalt\u0131na al\u0131nan eski futbolcu G\u00f6khan G\u00f6n\u00fcl ile Cemal \u00c7ekinkaya, savc\u0131l\u0131k i\u015flemlerinin ard\u0131ndan ev hapsi ve yurt d\u0131\u015f\u0131 \u00e7\u0131k\u0131\u015f yasa\u011f\u0131yla serbest b\u0131rak\u0131ld\u0131; di\u011fer 10 \u015f\u00fcpheli hakk\u0131ndaki i\u015flemler s\u00fcr\u00fcyor.Borsa \u0130stanbul\u2019daki manip\u00fclasyon soru\u015fturmas\u0131 kapsam\u0131nda g\u00f6zalt\u0131na al\u0131nan eski futbolcu G\u00f6khan G\u00f6n\u00fcl ile Cemal \u00c7ekinkaya, savc\u0131l\u0131k i\u015flemlerinin ard\u0131ndan ev hapsi ve yurt d\u0131\u015f\u0131 \u00e7\u0131k\u0131\u015f yasa\u011f\u0131yla [&hellip;]<\/p>\n","protected":false},"author":1,"featured_media":12833,"comment_status":"open","ping_status":"open","sticky":false,"template":"","format":"standard","meta":{"footnotes":"","_links_to":"","_links_to_target":""},"categories":[1],"tags":[],"class_list":["post-12832","post","type-post","status-publish","format-standard","has-post-thumbnail","hentry","category-haberler"],"_links":{"self":[{"href":"https:\/\/www.abchukuk.com\/index.php\/wp-json\/wp\/v2\/posts\/12832","targetHints":{"allow":["GET"]}}],"collection":[{"href":"https:\/\/www.abchukuk.com\/index.php\/wp-json\/wp\/v2\/posts"}],"about":[{"href":"https:\/\/www.abchukuk.com\/index.php\/wp-json\/wp\/v2\/types\/post"}],"author":[{"embeddable":true,"href":"https:\/\/www.abchukuk.com\/index.php\/wp-json\/wp\/v2\/users\/1"}],"replies":[{"embeddable":true,"href":"https:\/\/www.abchukuk.com\/index.php\/wp-json\/wp\/v2\/comments?post=12832"}],"version-history":[{"count":0,"href":"https:\/\/www.abchukuk.com\/index.php\/wp-json\/wp\/v2\/posts\/12832\/revisions"}],"wp:featuredmedia":[{"embeddable":true,"href":"https:\/\/www.abchukuk.com\/index.php\/wp-json\/wp\/v2\/media\/12833"}],"wp:attachment":[{"href":"https:\/\/www.abchukuk.com\/index.php\/wp-json\/wp\/v2\/media?parent=12832"}],"wp:term":[{"taxonomy":"category","embeddable":true,"href":"https:\/\/www.abchukuk.com\/index.php\/wp-json\/wp\/v2\/categories?post=12832"},{"taxonomy":"post_tag","embeddable":true,"href":"https:\/\/www.abchukuk.com\/index.php\/wp-json\/wp\/v2\/tags?post=12832"}],"curies":[{"name":"wp","href":"https:\/\/api.w.org\/{rel}","templated":true}]}}