{"id":12825,"date":"2025-12-03T14:22:00","date_gmt":"2025-12-03T14:22:00","guid":{"rendered":"https:\/\/www.abchukuk.com\/index.php\/2025\/12\/03\/11inci-yargi-paketi-komisyonda-internet-kisitlamalarina-yenileri-mi-geliyor\/"},"modified":"2025-12-03T14:22:00","modified_gmt":"2025-12-03T14:22:00","slug":"11inci-yargi-paketi-komisyonda-internet-kisitlamalarina-yenileri-mi-geliyor","status":"publish","type":"post","link":"https:\/\/www.abchukuk.com\/index.php\/2025\/12\/03\/11inci-yargi-paketi-komisyonda-internet-kisitlamalarina-yenileri-mi-geliyor\/","title":{"rendered":"11&#8217;inci Yarg\u0131 Paketi komisyonda: \u0130nternet k\u0131s\u0131tlamalar\u0131na yenileri mi geliyor?"},"content":{"rendered":"<p>TBMM Adalet Komisyonu\u2019nda 11.Yarg\u0131 Paketi olarak bilinen kanun teklifi, internet kullan\u0131c\u0131lar\u0131na y\u00f6nelik tepki \u00e7ekecek d\u00fczenlemeler i\u00e7eriyor. Komisyon \u00fcyesi CHP&#8217;li milletvekili \u0130nan Akg\u00fcn Alp, teklifin mevcut haliyle ge\u00e7mesinin BTK&#8217;ye tan\u0131nan yetkiyle \u00f6l\u00e7\u00fcs\u00fcz \u015fekilde a\u00e7\u0131lmas\u0131na yol a\u00e7aca\u011f\u0131n\u0131 belirtti.TBMM Adalet Komisyonu\u2019nda 11.Yarg\u0131 Paketi olarak bilinen kanun teklifi, internet kullan\u0131c\u0131lar\u0131na y\u00f6nelik tepki \u00e7ekecek d\u00fczenlemeler i\u00e7eriyor. Komisyon \u00fcyesi CHP&#8217;li milletvekili \u0130nan Akg\u00fcn Alp, teklifin mevcut haliyle ge\u00e7mesinin BTK&#8217;ye tan\u0131nan yetkiyle \u00f6l\u00e7\u00fcs\u00fcz \u015fekilde a\u00e7\u0131lmas\u0131na yol a\u00e7aca\u011f\u0131n\u0131 belirtti.\u00a0<a href=\"https:\/\/www.cumhuriyet.com.tr\/siyaset\/11-inci-yargi-paketi-komisyonda-akp-bant-daraltma-yi-daha-da-artiracak-2458231\" target=\"_blank\" class=\"feedzy-rss-link-icon\">Read More<\/a><\/p>","protected":false},"excerpt":{"rendered":"<p>TBMM Adalet Komisyonu\u2019nda 11.Yarg\u0131 Paketi olarak bilinen kanun teklifi, internet kullan\u0131c\u0131lar\u0131na y\u00f6nelik tepki \u00e7ekecek d\u00fczenlemeler i\u00e7eriyor. Komisyon \u00fcyesi CHP&#8217;li milletvekili \u0130nan Akg\u00fcn Alp, teklifin mevcut haliyle ge\u00e7mesinin BTK&#8217;ye tan\u0131nan yetkiyle \u00f6l\u00e7\u00fcs\u00fcz \u015fekilde a\u00e7\u0131lmas\u0131na yol a\u00e7aca\u011f\u0131n\u0131 belirtti.TBMM Adalet Komisyonu\u2019nda 11.Yarg\u0131 Paketi olarak bilinen kanun teklifi, internet kullan\u0131c\u0131lar\u0131na y\u00f6nelik tepki \u00e7ekecek d\u00fczenlemeler i\u00e7eriyor. Komisyon \u00fcyesi CHP&#8217;li milletvekili [&hellip;]<\/p>\n","protected":false},"author":1,"featured_media":12826,"comment_status":"open","ping_status":"open","sticky":false,"template":"","format":"standard","meta":{"footnotes":"","_links_to":"","_links_to_target":""},"categories":[1],"tags":[],"class_list":["post-12825","post","type-post","status-publish","format-standard","has-post-thumbnail","hentry","category-haberler"],"_links":{"self":[{"href":"https:\/\/www.abchukuk.com\/index.php\/wp-json\/wp\/v2\/posts\/12825","targetHints":{"allow":["GET"]}}],"collection":[{"href":"https:\/\/www.abchukuk.com\/index.php\/wp-json\/wp\/v2\/posts"}],"about":[{"href":"https:\/\/www.abchukuk.com\/index.php\/wp-json\/wp\/v2\/types\/post"}],"author":[{"embeddable":true,"href":"https:\/\/www.abchukuk.com\/index.php\/wp-json\/wp\/v2\/users\/1"}],"replies":[{"embeddable":true,"href":"https:\/\/www.abchukuk.com\/index.php\/wp-json\/wp\/v2\/comments?post=12825"}],"version-history":[{"count":0,"href":"https:\/\/www.abchukuk.com\/index.php\/wp-json\/wp\/v2\/posts\/12825\/revisions"}],"wp:featuredmedia":[{"embeddable":true,"href":"https:\/\/www.abchukuk.com\/index.php\/wp-json\/wp\/v2\/media\/12826"}],"wp:attachment":[{"href":"https:\/\/www.abchukuk.com\/index.php\/wp-json\/wp\/v2\/media?parent=12825"}],"wp:term":[{"taxonomy":"category","embeddable":true,"href":"https:\/\/www.abchukuk.com\/index.php\/wp-json\/wp\/v2\/categories?post=12825"},{"taxonomy":"post_tag","embeddable":true,"href":"https:\/\/www.abchukuk.com\/index.php\/wp-json\/wp\/v2\/tags?post=12825"}],"curies":[{"name":"wp","href":"https:\/\/api.w.org\/{rel}","templated":true}]}}