{"id":12819,"date":"2025-12-03T14:51:18","date_gmt":"2025-12-03T14:51:18","guid":{"rendered":"https:\/\/www.abchukuk.com\/index.php\/2025\/12\/03\/hskdan-aymye-ziyaret\/"},"modified":"2025-12-03T14:51:18","modified_gmt":"2025-12-03T14:51:18","slug":"hskdan-aymye-ziyaret","status":"publish","type":"post","link":"https:\/\/www.abchukuk.com\/index.php\/2025\/12\/03\/hskdan-aymye-ziyaret\/","title":{"rendered":"HSK\u2019dan AYM\u2019ye ziyaret"},"content":{"rendered":"<p class=\"p1\">HSK Ba\u015fkanvekili ve 2. Daire Ba\u015fkan\u0131 Fuzuli Aydo\u011fdu ba\u015fkanl\u0131\u011f\u0131ndaki heyet; HSK 1. Daire Ba\u015fkan\u0131 Turan Kulo\u011flu ve Kurul \u00fcyeleri ile birlikte Anayasa Mahkemesi Ba\u015fkan\u0131 Kadir \u00d6zkaya\u2019y\u0131 makam\u0131nda ziyaret etti.<\/p>\n<p><a href=\"https:\/\/www.son.tv\/wp-content\/uploads\/2025\/12\/593e07da-9ce1-40cb-9246-55b40ffba1a4.jpeg\"><img fetchpriority=\"high\" decoding=\"async\" class=\"alignnone size-large wp-image-165730\" src=\"https:\/\/www.son.tv\/wp-content\/uploads\/2025\/12\/593e07da-9ce1-40cb-9246-55b40ffba1a4-1024x741.jpeg\" alt=\"\" width=\"1024\" height=\"741\" \/><\/a><\/p>\n<p class=\"p1\"><span class=\"s1\">YARGI ALANINDAK\u0130 G\u00dcNCEL MESELELER ELE ALINDI<\/span><\/p>\n<p class=\"p1\"><span class=\"s1\">Ziyarette, yarg\u0131da alan\u0131ndaki ya\u015fanan g\u00fcncel geli\u015fmeleri ele al\u0131nd\u0131.<\/span><\/p>\n<p><a href=\"https:\/\/www.son.tv\/wp-content\/uploads\/2025\/12\/6cee50fb-15a8-495b-8e3c-e47fa79b9f66.jpeg\"><img decoding=\"async\" class=\"alignnone size-large wp-image-165731\" src=\"https:\/\/www.son.tv\/wp-content\/uploads\/2025\/12\/6cee50fb-15a8-495b-8e3c-e47fa79b9f66-1024x724.jpeg\" alt=\"\" width=\"1024\" height=\"724\" \/><\/a> <a href=\"https:\/\/www.son.tv\/wp-content\/uploads\/2025\/12\/2466b1fb-0997-4dbf-aeb0-c39aa92790f3.jpeg\"><img decoding=\"async\" class=\"alignnone size-large wp-image-165732\" src=\"https:\/\/www.son.tv\/wp-content\/uploads\/2025\/12\/2466b1fb-0997-4dbf-aeb0-c39aa92790f3-1024x742.jpeg\" alt=\"\" width=\"1024\" height=\"742\" \/><\/a> <a href=\"https:\/\/www.son.tv\/wp-content\/uploads\/2025\/12\/47355879-0582-43a5-94fa-98bd3e2f6dea.jpeg\"><img loading=\"lazy\" decoding=\"async\" loading=\"lazy\" class=\"alignnone size-large wp-image-165733\" src=\"https:\/\/www.son.tv\/wp-content\/uploads\/2025\/12\/47355879-0582-43a5-94fa-98bd3e2f6dea-1024x682.jpeg\" alt=\"\" width=\"1024\" height=\"682\" \/><\/a><\/p>\n<p>Hakimler ve Savc\u0131lar Kurulu (HSK) Daire Ba\u015fkanlar\u0131 ve \u00fcyeleri Anayasa Mahkemesi (AYM) Ba\u015fkan\u0131 Kadir \u00d6zkaya\u2019y\u0131 ziyaret etti.  Ziyarette yarg\u0131n\u0131n g\u00fcncel meseleleri ele al\u0131nd\u0131.\u00a0<a href=\"https:\/\/www.son.tv\/hskdan-aymye-ziyaret\/\" target=\"_blank\" class=\"feedzy-rss-link-icon\">Read More<\/a><\/p>","protected":false},"excerpt":{"rendered":"<p>HSK Ba\u015fkanvekili ve 2. Daire Ba\u015fkan\u0131 Fuzuli Aydo\u011fdu ba\u015fkanl\u0131\u011f\u0131ndaki heyet; HSK 1. Daire Ba\u015fkan\u0131 Turan Kulo\u011flu ve Kurul \u00fcyeleri ile birlikte Anayasa Mahkemesi Ba\u015fkan\u0131 Kadir \u00d6zkaya\u2019y\u0131 makam\u0131nda ziyaret etti. YARGI ALANINDAK\u0130 G\u00dcNCEL MESELELER ELE ALINDI Ziyarette, yarg\u0131da alan\u0131ndaki ya\u015fanan g\u00fcncel geli\u015fmeleri ele al\u0131nd\u0131. Hakimler ve Savc\u0131lar Kurulu (HSK) Daire Ba\u015fkanlar\u0131 ve \u00fcyeleri Anayasa Mahkemesi (AYM) [&hellip;]<\/p>\n","protected":false},"author":1,"featured_media":12820,"comment_status":"open","ping_status":"open","sticky":false,"template":"","format":"standard","meta":{"footnotes":"","_links_to":"","_links_to_target":""},"categories":[1],"tags":[],"class_list":["post-12819","post","type-post","status-publish","format-standard","has-post-thumbnail","hentry","category-haberler"],"_links":{"self":[{"href":"https:\/\/www.abchukuk.com\/index.php\/wp-json\/wp\/v2\/posts\/12819","targetHints":{"allow":["GET"]}}],"collection":[{"href":"https:\/\/www.abchukuk.com\/index.php\/wp-json\/wp\/v2\/posts"}],"about":[{"href":"https:\/\/www.abchukuk.com\/index.php\/wp-json\/wp\/v2\/types\/post"}],"author":[{"embeddable":true,"href":"https:\/\/www.abchukuk.com\/index.php\/wp-json\/wp\/v2\/users\/1"}],"replies":[{"embeddable":true,"href":"https:\/\/www.abchukuk.com\/index.php\/wp-json\/wp\/v2\/comments?post=12819"}],"version-history":[{"count":0,"href":"https:\/\/www.abchukuk.com\/index.php\/wp-json\/wp\/v2\/posts\/12819\/revisions"}],"wp:featuredmedia":[{"embeddable":true,"href":"https:\/\/www.abchukuk.com\/index.php\/wp-json\/wp\/v2\/media\/12820"}],"wp:attachment":[{"href":"https:\/\/www.abchukuk.com\/index.php\/wp-json\/wp\/v2\/media?parent=12819"}],"wp:term":[{"taxonomy":"category","embeddable":true,"href":"https:\/\/www.abchukuk.com\/index.php\/wp-json\/wp\/v2\/categories?post=12819"},{"taxonomy":"post_tag","embeddable":true,"href":"https:\/\/www.abchukuk.com\/index.php\/wp-json\/wp\/v2\/tags?post=12819"}],"curies":[{"name":"wp","href":"https:\/\/api.w.org\/{rel}","templated":true}]}}