{"id":12815,"date":"2025-12-03T12:28:49","date_gmt":"2025-12-03T12:28:49","guid":{"rendered":"https:\/\/www.abchukuk.com\/index.php\/2025\/12\/03\/hsk-uyesi-hakan-yukselden-nigdede-onemli-temaslar\/"},"modified":"2025-12-03T12:28:49","modified_gmt":"2025-12-03T12:28:49","slug":"hsk-uyesi-hakan-yukselden-nigdede-onemli-temaslar","status":"publish","type":"post","link":"https:\/\/www.abchukuk.com\/index.php\/2025\/12\/03\/hsk-uyesi-hakan-yukselden-nigdede-onemli-temaslar\/","title":{"rendered":"HSK \u00fcyesi Hakan Y\u00fcksel\u2019den Ni\u011fde\u2019de \u00f6nemli temaslar"},"content":{"rendered":"<p>HSK 1. Daire \u00dcyesi Hakan Y\u00fcksel, bir dizi ziyaret kapsam\u0131nda Ni\u011fde\u2019de temaslarda bulundu. Ni\u011fde\u2019deki temaslar\u0131nda ilk olarak Ni\u011fde Cumhuriyet Ba\u015fsavc\u0131s\u0131 Ufuk Mustafa S\u00fcren ile bir araya gelen Y\u00fcksel, ard\u0131ndan Ni\u011fde Adli Yarg\u0131 \u0130lk Derece Mahkemesi Adalet Komisyonu Ba\u015fkan\u0131 ve Ni\u011fde \u0130dare Mahkemesi Ba\u015fkan\u0131 ile g\u00f6r\u00fc\u015ft\u00fc.<\/p>\n<p><a href=\"https:\/\/www.son.tv\/wp-content\/uploads\/2025\/12\/WhatsApp-Image-2025-12-03-at-14.25.46.jpeg\"><img fetchpriority=\"high\" decoding=\"async\" class=\"alignnone size-large wp-image-165721\" src=\"https:\/\/www.son.tv\/wp-content\/uploads\/2025\/12\/WhatsApp-Image-2025-12-03-at-14.25.46-1024x682.jpeg\" alt=\"\" width=\"1024\" height=\"682\" \/><\/a><\/p>\n<p>Ziyaretlerin son dura\u011f\u0131 Ni\u011fde Valili\u011fi oldu. Y\u00fcksel, Ni\u011fde Valisi Cahit \u00c7elik\u2019i makam\u0131nda ziyaret ederek temaslar\u0131n\u0131 tamamlad\u0131.<\/p>\n<p><a href=\"https:\/\/www.son.tv\/wp-content\/uploads\/2025\/12\/WhatsApp-Image-2025-12-03-at-14.25.47-1.jpeg\"><img decoding=\"async\" class=\"alignnone size-large wp-image-165722\" src=\"https:\/\/www.son.tv\/wp-content\/uploads\/2025\/12\/WhatsApp-Image-2025-12-03-at-14.25.47-1-1024x682.jpeg\" alt=\"\" width=\"1024\" height=\"682\" \/><\/a> <a href=\"https:\/\/www.son.tv\/wp-content\/uploads\/2025\/12\/WhatsApp-Image-2025-12-03-at-14.25.47.jpeg\"><img decoding=\"async\" class=\"alignnone size-large wp-image-165723\" src=\"https:\/\/www.son.tv\/wp-content\/uploads\/2025\/12\/WhatsApp-Image-2025-12-03-at-14.25.47-1024x682.jpeg\" alt=\"\" width=\"1024\" height=\"682\" \/><\/a> <a href=\"https:\/\/www.son.tv\/wp-content\/uploads\/2025\/12\/WhatsApp-Image-2025-12-03-at-14.25.46-1.jpeg\"><img loading=\"lazy\" decoding=\"async\" loading=\"lazy\" class=\"alignnone size-large wp-image-165724\" src=\"https:\/\/www.son.tv\/wp-content\/uploads\/2025\/12\/WhatsApp-Image-2025-12-03-at-14.25.46-1-1024x682.jpeg\" alt=\"\" width=\"1024\" height=\"682\" \/><\/a> <a href=\"https:\/\/www.son.tv\/wp-content\/uploads\/2025\/12\/WhatsApp-Image-2025-12-03-at-14.25.46-2.jpeg\"><img loading=\"lazy\" decoding=\"async\" loading=\"lazy\" class=\"alignnone size-large wp-image-165725\" src=\"https:\/\/www.son.tv\/wp-content\/uploads\/2025\/12\/WhatsApp-Image-2025-12-03-at-14.25.46-2-1024x682.jpeg\" alt=\"\" width=\"1024\" height=\"682\" \/><\/a> <a href=\"https:\/\/www.son.tv\/wp-content\/uploads\/2025\/12\/WhatsApp-Image-2025-12-03-at-14.25.45.jpeg\"><img loading=\"lazy\" decoding=\"async\" loading=\"lazy\" class=\"alignnone size-large wp-image-165726\" src=\"https:\/\/www.son.tv\/wp-content\/uploads\/2025\/12\/WhatsApp-Image-2025-12-03-at-14.25.45-1024x682.jpeg\" alt=\"\" width=\"1024\" height=\"682\" \/><\/a><\/p>\n<p>HSK 1. Daire \u00dcyesi Hakan Y\u00fcksel, Ni\u011fde\u2019de ger\u00e7ekle\u015ftirdi\u011fi programda adliye ve valilik ziyaretleri yaparak yarg\u0131 ve idare birimleriyle temaslarda bulundu.\u00a0<a href=\"https:\/\/www.son.tv\/hsk-uyesi-hakan-yukselden-nigdede-onemli-temaslar\/\" target=\"_blank\" class=\"feedzy-rss-link-icon\">Read More<\/a><\/p>","protected":false},"excerpt":{"rendered":"<p>HSK 1. Daire \u00dcyesi Hakan Y\u00fcksel, bir dizi ziyaret kapsam\u0131nda Ni\u011fde\u2019de temaslarda bulundu. Ni\u011fde\u2019deki temaslar\u0131nda ilk olarak Ni\u011fde Cumhuriyet Ba\u015fsavc\u0131s\u0131 Ufuk Mustafa S\u00fcren ile bir araya gelen Y\u00fcksel, ard\u0131ndan Ni\u011fde Adli Yarg\u0131 \u0130lk Derece Mahkemesi Adalet Komisyonu Ba\u015fkan\u0131 ve Ni\u011fde \u0130dare Mahkemesi Ba\u015fkan\u0131 ile g\u00f6r\u00fc\u015ft\u00fc. Ziyaretlerin son dura\u011f\u0131 Ni\u011fde Valili\u011fi oldu. Y\u00fcksel, Ni\u011fde Valisi Cahit [&hellip;]<\/p>\n","protected":false},"author":1,"featured_media":12816,"comment_status":"open","ping_status":"open","sticky":false,"template":"","format":"standard","meta":{"footnotes":"","_links_to":"","_links_to_target":""},"categories":[1],"tags":[],"class_list":["post-12815","post","type-post","status-publish","format-standard","has-post-thumbnail","hentry","category-haberler"],"_links":{"self":[{"href":"https:\/\/www.abchukuk.com\/index.php\/wp-json\/wp\/v2\/posts\/12815","targetHints":{"allow":["GET"]}}],"collection":[{"href":"https:\/\/www.abchukuk.com\/index.php\/wp-json\/wp\/v2\/posts"}],"about":[{"href":"https:\/\/www.abchukuk.com\/index.php\/wp-json\/wp\/v2\/types\/post"}],"author":[{"embeddable":true,"href":"https:\/\/www.abchukuk.com\/index.php\/wp-json\/wp\/v2\/users\/1"}],"replies":[{"embeddable":true,"href":"https:\/\/www.abchukuk.com\/index.php\/wp-json\/wp\/v2\/comments?post=12815"}],"version-history":[{"count":0,"href":"https:\/\/www.abchukuk.com\/index.php\/wp-json\/wp\/v2\/posts\/12815\/revisions"}],"wp:featuredmedia":[{"embeddable":true,"href":"https:\/\/www.abchukuk.com\/index.php\/wp-json\/wp\/v2\/media\/12816"}],"wp:attachment":[{"href":"https:\/\/www.abchukuk.com\/index.php\/wp-json\/wp\/v2\/media?parent=12815"}],"wp:term":[{"taxonomy":"category","embeddable":true,"href":"https:\/\/www.abchukuk.com\/index.php\/wp-json\/wp\/v2\/categories?post=12815"},{"taxonomy":"post_tag","embeddable":true,"href":"https:\/\/www.abchukuk.com\/index.php\/wp-json\/wp\/v2\/tags?post=12815"}],"curies":[{"name":"wp","href":"https:\/\/api.w.org\/{rel}","templated":true}]}}