{"id":12813,"date":"2025-12-03T12:50:00","date_gmt":"2025-12-03T12:50:00","guid":{"rendered":"https:\/\/www.abchukuk.com\/index.php\/2025\/12\/03\/yusuf-tekini-protesto-ettikleri-icin-gozaltina-alinan-tipli-17-ogrenci-icin-tutuklama-istemi\/"},"modified":"2025-12-03T12:50:00","modified_gmt":"2025-12-03T12:50:00","slug":"yusuf-tekini-protesto-ettikleri-icin-gozaltina-alinan-tipli-17-ogrenci-icin-tutuklama-istemi","status":"publish","type":"post","link":"https:\/\/www.abchukuk.com\/index.php\/2025\/12\/03\/yusuf-tekini-protesto-ettikleri-icin-gozaltina-alinan-tipli-17-ogrenci-icin-tutuklama-istemi\/","title":{"rendered":"Yusuf Tekin&#8217;i protesto ettikleri i\u00e7in g\u00f6zalt\u0131na al\u0131nan T\u0130P&#8217;li 17 \u00f6\u011frenci i\u00e7in tutuklama istemi!"},"content":{"rendered":"<p>Milli E\u011fitim Bakan\u0131 Yusuf Tekin&#8217;i protesto ettikleri i\u00e7in d\u00fcn g\u00f6zalt\u0131na al\u0131nan 17 T\u0130P \u00fcyesi \u00f6\u011frenci, tutuklama istemiyle hakimli\u011fe sevk edildi.Milli E\u011fitim Bakan\u0131 Yusuf Tekin&#8217;i protesto ettikleri i\u00e7in d\u00fcn g\u00f6zalt\u0131na al\u0131nan 17 T\u0130P \u00fcyesi \u00f6\u011frenci, tutuklama istemiyle hakimli\u011fe sevk edildi.\u00a0<a href=\"https:\/\/www.cumhuriyet.com.tr\/siyaset\/yusuf-tekin-i-protesto-ettikleri-icin-gozaltina-alinan-tip-li-17-ogrenci-icin-tutuklama-istemi-2458194\" target=\"_blank\" class=\"feedzy-rss-link-icon\">Read More<\/a><\/p>","protected":false},"excerpt":{"rendered":"<p>Milli E\u011fitim Bakan\u0131 Yusuf Tekin&#8217;i protesto ettikleri i\u00e7in d\u00fcn g\u00f6zalt\u0131na al\u0131nan 17 T\u0130P \u00fcyesi \u00f6\u011frenci, tutuklama istemiyle hakimli\u011fe sevk edildi.Milli E\u011fitim Bakan\u0131 Yusuf Tekin&#8217;i protesto ettikleri i\u00e7in d\u00fcn g\u00f6zalt\u0131na al\u0131nan 17 T\u0130P \u00fcyesi \u00f6\u011frenci, tutuklama istemiyle hakimli\u011fe sevk edildi.\u00a0Read More<\/p>\n","protected":false},"author":1,"featured_media":12814,"comment_status":"open","ping_status":"open","sticky":false,"template":"","format":"standard","meta":{"footnotes":"","_links_to":"","_links_to_target":""},"categories":[1],"tags":[],"class_list":["post-12813","post","type-post","status-publish","format-standard","has-post-thumbnail","hentry","category-haberler"],"_links":{"self":[{"href":"https:\/\/www.abchukuk.com\/index.php\/wp-json\/wp\/v2\/posts\/12813","targetHints":{"allow":["GET"]}}],"collection":[{"href":"https:\/\/www.abchukuk.com\/index.php\/wp-json\/wp\/v2\/posts"}],"about":[{"href":"https:\/\/www.abchukuk.com\/index.php\/wp-json\/wp\/v2\/types\/post"}],"author":[{"embeddable":true,"href":"https:\/\/www.abchukuk.com\/index.php\/wp-json\/wp\/v2\/users\/1"}],"replies":[{"embeddable":true,"href":"https:\/\/www.abchukuk.com\/index.php\/wp-json\/wp\/v2\/comments?post=12813"}],"version-history":[{"count":0,"href":"https:\/\/www.abchukuk.com\/index.php\/wp-json\/wp\/v2\/posts\/12813\/revisions"}],"wp:featuredmedia":[{"embeddable":true,"href":"https:\/\/www.abchukuk.com\/index.php\/wp-json\/wp\/v2\/media\/12814"}],"wp:attachment":[{"href":"https:\/\/www.abchukuk.com\/index.php\/wp-json\/wp\/v2\/media?parent=12813"}],"wp:term":[{"taxonomy":"category","embeddable":true,"href":"https:\/\/www.abchukuk.com\/index.php\/wp-json\/wp\/v2\/categories?post=12813"},{"taxonomy":"post_tag","embeddable":true,"href":"https:\/\/www.abchukuk.com\/index.php\/wp-json\/wp\/v2\/tags?post=12813"}],"curies":[{"name":"wp","href":"https:\/\/api.w.org\/{rel}","templated":true}]}}