{"id":12798,"date":"2025-12-03T10:14:31","date_gmt":"2025-12-03T10:14:31","guid":{"rendered":"https:\/\/www.abchukuk.com\/index.php\/2025\/12\/03\/11-yargi-paketi-meclis-yolunda-adalet-bakani-yilmaz-tunc-bu-af-degil-kovid-duzenlemesi\/"},"modified":"2025-12-03T10:14:31","modified_gmt":"2025-12-03T10:14:31","slug":"11-yargi-paketi-meclis-yolunda-adalet-bakani-yilmaz-tunc-bu-af-degil-kovid-duzenlemesi","status":"publish","type":"post","link":"https:\/\/www.abchukuk.com\/index.php\/2025\/12\/03\/11-yargi-paketi-meclis-yolunda-adalet-bakani-yilmaz-tunc-bu-af-degil-kovid-duzenlemesi\/","title":{"rendered":"11. Yarg\u0131 Paketi Meclis Yolunda! Adalet Bakan\u0131 Y\u0131lmaz Tun\u00e7: Bu Af De\u011fil Kovid D\u00fczenlemesi"},"content":{"rendered":"<p><a href=\"https:\/\/www.gercekgundem.com\/guncel\/11-yargi-paketi-meclis-yolunda-adalet-bakani-yilmaz-tunc-bu-af-degil-kovid-duzenlemesi-562942\"><br \/>\n                                                            <img decoding=\"async\" src=\"https:\/\/i.gercekgundem.com\/2\/150\/84\/storage\/files\/images\/2025\/12\/03\/11-yargi-paketi-meclis-yolunda-adalet-bakani-yilmaz-tunc-bu-af-degil-kovid-duzenlemesi-yqqs.jpg\" width=\"150\" height=\"84\" border=\"0\" align=\"right\" \/><br \/>\n                                                    <\/a><\/p>\n<h4>Adalet Bakan\u0131 Tun\u00e7, 11. Yarg\u0131 Paketi\u2019nin af d\u00fczenlemesi olmad\u0131\u011f\u0131n\u0131 vurgulayarak, Kovid d\u00f6nemindeki \u00f6zel ko\u015fullara y\u00f6nelik bir uygulama oldu\u011funu s\u00f6yledi. Toplumdan gelen ele\u015ftirilerin dikkate al\u0131naca\u011f\u0131n\u0131 belirten Tun\u00e7, d\u00fczenlemenin b\u00fct\u00e7e g\u00f6r\u00fc\u015fmelerinin ard\u0131ndan Meclis g\u00fcndemine gelece\u011fini ifade etti.<\/h4>\n<p>Adalet Bakan\u0131 Tun\u00e7, 11. Yarg\u0131 Paketi\u2019nin af d\u00fczenlemesi olmad\u0131\u011f\u0131n\u0131 vurgulayarak, Kovid d\u00f6nemindeki \u00f6zel ko\u015fullara y\u00f6nelik bir uygulama oldu\u011funu s\u00f6yledi. Toplumdan gelen ele\u015ftirilerin dikkate al\u0131naca\u011f\u0131n\u0131 belirten Tun\u00e7, d\u00fczenlemenin b\u00fct\u00e7e g\u00f6r\u00fc\u015fmelerinin ard\u0131ndan Meclis g\u00fcndemine gelece\u011fini ifade etti.\u00a0<a href=\"https:\/\/www.gercekgundem.com\/guncel\/11-yargi-paketi-meclis-yolunda-adalet-bakani-yilmaz-tunc-bu-af-degil-kovid-duzenlemesi-562942\" target=\"_blank\" class=\"feedzy-rss-link-icon\">Read More<\/a><\/p>","protected":false},"excerpt":{"rendered":"<p>Adalet Bakan\u0131 Tun\u00e7, 11. Yarg\u0131 Paketi\u2019nin af d\u00fczenlemesi olmad\u0131\u011f\u0131n\u0131 vurgulayarak, Kovid d\u00f6nemindeki \u00f6zel ko\u015fullara y\u00f6nelik bir uygulama oldu\u011funu s\u00f6yledi. Toplumdan gelen ele\u015ftirilerin dikkate al\u0131naca\u011f\u0131n\u0131 belirten Tun\u00e7, d\u00fczenlemenin b\u00fct\u00e7e g\u00f6r\u00fc\u015fmelerinin ard\u0131ndan Meclis g\u00fcndemine gelece\u011fini ifade etti. Adalet Bakan\u0131 Tun\u00e7, 11. Yarg\u0131 Paketi\u2019nin af d\u00fczenlemesi olmad\u0131\u011f\u0131n\u0131 vurgulayarak, Kovid d\u00f6nemindeki \u00f6zel ko\u015fullara y\u00f6nelik bir uygulama oldu\u011funu s\u00f6yledi. Toplumdan [&hellip;]<\/p>\n","protected":false},"author":1,"featured_media":12799,"comment_status":"open","ping_status":"open","sticky":false,"template":"","format":"standard","meta":{"footnotes":"","_links_to":"","_links_to_target":""},"categories":[1],"tags":[],"class_list":["post-12798","post","type-post","status-publish","format-standard","has-post-thumbnail","hentry","category-haberler"],"_links":{"self":[{"href":"https:\/\/www.abchukuk.com\/index.php\/wp-json\/wp\/v2\/posts\/12798","targetHints":{"allow":["GET"]}}],"collection":[{"href":"https:\/\/www.abchukuk.com\/index.php\/wp-json\/wp\/v2\/posts"}],"about":[{"href":"https:\/\/www.abchukuk.com\/index.php\/wp-json\/wp\/v2\/types\/post"}],"author":[{"embeddable":true,"href":"https:\/\/www.abchukuk.com\/index.php\/wp-json\/wp\/v2\/users\/1"}],"replies":[{"embeddable":true,"href":"https:\/\/www.abchukuk.com\/index.php\/wp-json\/wp\/v2\/comments?post=12798"}],"version-history":[{"count":0,"href":"https:\/\/www.abchukuk.com\/index.php\/wp-json\/wp\/v2\/posts\/12798\/revisions"}],"wp:featuredmedia":[{"embeddable":true,"href":"https:\/\/www.abchukuk.com\/index.php\/wp-json\/wp\/v2\/media\/12799"}],"wp:attachment":[{"href":"https:\/\/www.abchukuk.com\/index.php\/wp-json\/wp\/v2\/media?parent=12798"}],"wp:term":[{"taxonomy":"category","embeddable":true,"href":"https:\/\/www.abchukuk.com\/index.php\/wp-json\/wp\/v2\/categories?post=12798"},{"taxonomy":"post_tag","embeddable":true,"href":"https:\/\/www.abchukuk.com\/index.php\/wp-json\/wp\/v2\/tags?post=12798"}],"curies":[{"name":"wp","href":"https:\/\/api.w.org\/{rel}","templated":true}]}}