{"id":12783,"date":"2025-12-03T11:54:00","date_gmt":"2025-12-03T11:54:00","guid":{"rendered":"https:\/\/www.abchukuk.com\/index.php\/2025\/12\/03\/derbide-kazimcan-karatasa-cakmak-atan-taraftar-gozaltina-alindi\/"},"modified":"2025-12-03T11:54:00","modified_gmt":"2025-12-03T11:54:00","slug":"derbide-kazimcan-karatasa-cakmak-atan-taraftar-gozaltina-alindi","status":"publish","type":"post","link":"https:\/\/www.abchukuk.com\/index.php\/2025\/12\/03\/derbide-kazimcan-karatasa-cakmak-atan-taraftar-gozaltina-alindi\/","title":{"rendered":"Derbide Kaz\u0131mcan Karata\u015f&#8217;a \u00e7akmak atan taraftar g\u00f6zalt\u0131na al\u0131nd\u0131"},"content":{"rendered":"<p>S\u00fcper Lig\u2019in 14. haftas\u0131nda oynanan Fenerbah\u00e7e \u2013 Galatasaray derbisinde, sar\u0131-k\u0131rm\u0131z\u0131l\u0131 oyuncu Kaz\u0131mcan Karata\u015f\u2019\u0131n yaralanmas\u0131na neden olan taraftar\u0131n g\u00f6zalt\u0131na al\u0131nd\u0131\u011f\u0131 \u00f6\u011frenildi. Seyirci, 1 y\u0131l boyunca spor m\u00fcsabakalar\u0131ndan men edildi.S\u00fcper Lig\u2019in 14. haftas\u0131nda oynanan Fenerbah\u00e7e \u2013 Galatasaray derbisinde, sar\u0131-k\u0131rm\u0131z\u0131l\u0131 oyuncu Kaz\u0131mcan Karata\u015f\u2019\u0131n yaralanmas\u0131na neden olan taraftar\u0131n g\u00f6zalt\u0131na al\u0131nd\u0131\u011f\u0131 \u00f6\u011frenildi. Seyirci, 1 y\u0131l boyunca spor m\u00fcsabakalar\u0131ndan men edildi.\u00a0<a href=\"https:\/\/www.dunya.com\/spor\/derbide-kazimcan-karatasa-cakmak-atan-taraftar-gozaltina-alindi-haberi-805812\" target=\"_blank\" class=\"feedzy-rss-link-icon\">Read More<\/a><\/p>","protected":false},"excerpt":{"rendered":"<p>S\u00fcper Lig\u2019in 14. haftas\u0131nda oynanan Fenerbah\u00e7e \u2013 Galatasaray derbisinde, sar\u0131-k\u0131rm\u0131z\u0131l\u0131 oyuncu Kaz\u0131mcan Karata\u015f\u2019\u0131n yaralanmas\u0131na neden olan taraftar\u0131n g\u00f6zalt\u0131na al\u0131nd\u0131\u011f\u0131 \u00f6\u011frenildi. Seyirci, 1 y\u0131l boyunca spor m\u00fcsabakalar\u0131ndan men edildi.S\u00fcper Lig\u2019in 14. haftas\u0131nda oynanan Fenerbah\u00e7e \u2013 Galatasaray derbisinde, sar\u0131-k\u0131rm\u0131z\u0131l\u0131 oyuncu Kaz\u0131mcan Karata\u015f\u2019\u0131n yaralanmas\u0131na neden olan taraftar\u0131n g\u00f6zalt\u0131na al\u0131nd\u0131\u011f\u0131 \u00f6\u011frenildi. Seyirci, 1 y\u0131l boyunca spor m\u00fcsabakalar\u0131ndan men edildi.\u00a0Read [&hellip;]<\/p>\n","protected":false},"author":1,"featured_media":12784,"comment_status":"open","ping_status":"open","sticky":false,"template":"","format":"standard","meta":{"footnotes":"","_links_to":"","_links_to_target":""},"categories":[1],"tags":[],"class_list":["post-12783","post","type-post","status-publish","format-standard","has-post-thumbnail","hentry","category-haberler"],"_links":{"self":[{"href":"https:\/\/www.abchukuk.com\/index.php\/wp-json\/wp\/v2\/posts\/12783","targetHints":{"allow":["GET"]}}],"collection":[{"href":"https:\/\/www.abchukuk.com\/index.php\/wp-json\/wp\/v2\/posts"}],"about":[{"href":"https:\/\/www.abchukuk.com\/index.php\/wp-json\/wp\/v2\/types\/post"}],"author":[{"embeddable":true,"href":"https:\/\/www.abchukuk.com\/index.php\/wp-json\/wp\/v2\/users\/1"}],"replies":[{"embeddable":true,"href":"https:\/\/www.abchukuk.com\/index.php\/wp-json\/wp\/v2\/comments?post=12783"}],"version-history":[{"count":0,"href":"https:\/\/www.abchukuk.com\/index.php\/wp-json\/wp\/v2\/posts\/12783\/revisions"}],"wp:featuredmedia":[{"embeddable":true,"href":"https:\/\/www.abchukuk.com\/index.php\/wp-json\/wp\/v2\/media\/12784"}],"wp:attachment":[{"href":"https:\/\/www.abchukuk.com\/index.php\/wp-json\/wp\/v2\/media?parent=12783"}],"wp:term":[{"taxonomy":"category","embeddable":true,"href":"https:\/\/www.abchukuk.com\/index.php\/wp-json\/wp\/v2\/categories?post=12783"},{"taxonomy":"post_tag","embeddable":true,"href":"https:\/\/www.abchukuk.com\/index.php\/wp-json\/wp\/v2\/tags?post=12783"}],"curies":[{"name":"wp","href":"https:\/\/api.w.org\/{rel}","templated":true}]}}