{"id":12778,"date":"2025-12-03T09:28:00","date_gmt":"2025-12-03T09:28:00","guid":{"rendered":"https:\/\/www.abchukuk.com\/index.php\/2025\/12\/03\/bassavciliktan-tuttur-com-duzeltmesi-geldi-x-kullanicisi-sabaha-kadar-gozume-uyku-girmedi-dedi\/"},"modified":"2025-12-03T09:28:00","modified_gmt":"2025-12-03T09:28:00","slug":"bassavciliktan-tuttur-com-duzeltmesi-geldi-x-kullanicisi-sabaha-kadar-gozume-uyku-girmedi-dedi","status":"publish","type":"post","link":"https:\/\/www.abchukuk.com\/index.php\/2025\/12\/03\/bassavciliktan-tuttur-com-duzeltmesi-geldi-x-kullanicisi-sabaha-kadar-gozume-uyku-girmedi-dedi\/","title":{"rendered":"Ba\u015fsavc\u0131l\u0131ktan &#8216;tuttur.com&#8217; d\u00fczeltmesi geldi, X kullan\u0131c\u0131s\u0131 &#8216;Sabaha kadar g\u00f6z\u00fcme uyku girmedi&#8217; dedi"},"content":{"rendered":"<p>\u0130stanbul Cumhuriyet Ba\u015fsavc\u0131l\u0131\u011f\u0131 taraf\u0131ndan &#8216;tuttur.com kullan\u0131c\u0131 bilgilerinin de\u011fi\u015ftirildi\u011fi&#8217; iddias\u0131na ili\u015fkin yap\u0131lan a\u00e7\u0131klamada yer alan X kullan\u0131c\u0131 ad\u0131n\u0131n yanl\u0131\u015f yaz\u0131ld\u0131\u011f\u0131 belirtildi, do\u011fru kullan\u0131c\u0131 ad\u0131n\u0131n hangisi oldu\u011fu duyuruldu.\u0130stanbul Cumhuriyet Ba\u015fsavc\u0131l\u0131\u011f\u0131 taraf\u0131ndan &#8216;tuttur.com kullan\u0131c\u0131 bilgilerinin de\u011fi\u015ftirildi\u011fi&#8217; iddias\u0131na ili\u015fkin yap\u0131lan a\u00e7\u0131klamada yer alan X kullan\u0131c\u0131 ad\u0131n\u0131n yanl\u0131\u015f yaz\u0131ld\u0131\u011f\u0131 belirtildi, do\u011fru kullan\u0131c\u0131 ad\u0131n\u0131n hangisi oldu\u011fu duyuruldu.\u00a0<a href=\"https:\/\/www.cumhuriyet.com.tr\/siyaset\/bassavciliktan-tuttur-com-duzeltmesi-geldi-x-kullanicisi-sabaha-kadar-gozume-uyku-girmedi-dedi-2458130\" target=\"_blank\" class=\"feedzy-rss-link-icon\">Read More<\/a><\/p>","protected":false},"excerpt":{"rendered":"<p>\u0130stanbul Cumhuriyet Ba\u015fsavc\u0131l\u0131\u011f\u0131 taraf\u0131ndan &#8216;tuttur.com kullan\u0131c\u0131 bilgilerinin de\u011fi\u015ftirildi\u011fi&#8217; iddias\u0131na ili\u015fkin yap\u0131lan a\u00e7\u0131klamada yer alan X kullan\u0131c\u0131 ad\u0131n\u0131n yanl\u0131\u015f yaz\u0131ld\u0131\u011f\u0131 belirtildi, do\u011fru kullan\u0131c\u0131 ad\u0131n\u0131n hangisi oldu\u011fu duyuruldu.\u0130stanbul Cumhuriyet Ba\u015fsavc\u0131l\u0131\u011f\u0131 taraf\u0131ndan &#8216;tuttur.com kullan\u0131c\u0131 bilgilerinin de\u011fi\u015ftirildi\u011fi&#8217; iddias\u0131na ili\u015fkin yap\u0131lan a\u00e7\u0131klamada yer alan X kullan\u0131c\u0131 ad\u0131n\u0131n yanl\u0131\u015f yaz\u0131ld\u0131\u011f\u0131 belirtildi, do\u011fru kullan\u0131c\u0131 ad\u0131n\u0131n hangisi oldu\u011fu duyuruldu.\u00a0Read More<\/p>\n","protected":false},"author":1,"featured_media":12779,"comment_status":"open","ping_status":"open","sticky":false,"template":"","format":"standard","meta":{"footnotes":"","_links_to":"","_links_to_target":""},"categories":[1],"tags":[],"class_list":["post-12778","post","type-post","status-publish","format-standard","has-post-thumbnail","hentry","category-haberler"],"_links":{"self":[{"href":"https:\/\/www.abchukuk.com\/index.php\/wp-json\/wp\/v2\/posts\/12778","targetHints":{"allow":["GET"]}}],"collection":[{"href":"https:\/\/www.abchukuk.com\/index.php\/wp-json\/wp\/v2\/posts"}],"about":[{"href":"https:\/\/www.abchukuk.com\/index.php\/wp-json\/wp\/v2\/types\/post"}],"author":[{"embeddable":true,"href":"https:\/\/www.abchukuk.com\/index.php\/wp-json\/wp\/v2\/users\/1"}],"replies":[{"embeddable":true,"href":"https:\/\/www.abchukuk.com\/index.php\/wp-json\/wp\/v2\/comments?post=12778"}],"version-history":[{"count":0,"href":"https:\/\/www.abchukuk.com\/index.php\/wp-json\/wp\/v2\/posts\/12778\/revisions"}],"wp:featuredmedia":[{"embeddable":true,"href":"https:\/\/www.abchukuk.com\/index.php\/wp-json\/wp\/v2\/media\/12779"}],"wp:attachment":[{"href":"https:\/\/www.abchukuk.com\/index.php\/wp-json\/wp\/v2\/media?parent=12778"}],"wp:term":[{"taxonomy":"category","embeddable":true,"href":"https:\/\/www.abchukuk.com\/index.php\/wp-json\/wp\/v2\/categories?post=12778"},{"taxonomy":"post_tag","embeddable":true,"href":"https:\/\/www.abchukuk.com\/index.php\/wp-json\/wp\/v2\/tags?post=12778"}],"curies":[{"name":"wp","href":"https:\/\/api.w.org\/{rel}","templated":true}]}}