{"id":12775,"date":"2025-12-03T09:42:00","date_gmt":"2025-12-03T09:42:00","guid":{"rendered":"https:\/\/www.abchukuk.com\/index.php\/2025\/12\/03\/11-yargi-paketi-onaylandi-mi-kabul-edildi-mi-yeni-yargi-paketi-son-durum-nedir\/"},"modified":"2025-12-03T09:42:00","modified_gmt":"2025-12-03T09:42:00","slug":"11-yargi-paketi-onaylandi-mi-kabul-edildi-mi-yeni-yargi-paketi-son-durum-nedir","status":"publish","type":"post","link":"https:\/\/www.abchukuk.com\/index.php\/2025\/12\/03\/11-yargi-paketi-onaylandi-mi-kabul-edildi-mi-yeni-yargi-paketi-son-durum-nedir\/","title":{"rendered":"11. Yarg\u0131 Paketi onayland\u0131 m\u0131, kabul edildi mi? Yeni yarg\u0131 paketi son durum nedir?"},"content":{"rendered":"<p>11. Yarg\u0131 Paketi ile ilgili son durum merak ediliyor. Meclis&#8217;e gelen yeni yarg\u0131 paketinin g\u00f6r\u00fc\u015f\u00fclmeye ba\u015flan\u0131p ba\u015flanmad\u0131\u011f\u0131 ara\u015ft\u0131r\u0131l\u0131yor. Maddeler bir kez daha g\u00f6zden ge\u00e7irilirken \u0131srarla &#8220;11. Yarg\u0131 Paketi onayland\u0131 m\u0131, kabul edildi mi&#8221; sorusuna cevap aran\u0131yor.11. Yarg\u0131 Paketi ile ilgili son durum merak ediliyor. Meclis&#8217;e gelen yeni yarg\u0131 paketinin g\u00f6r\u00fc\u015f\u00fclmeye ba\u015flan\u0131p ba\u015flanmad\u0131\u011f\u0131 ara\u015ft\u0131r\u0131l\u0131yor. Maddeler bir kez daha g\u00f6zden ge\u00e7irilirken \u0131srarla &#8220;11. Yarg\u0131 Paketi onayland\u0131 m\u0131, kabul edildi mi&#8221; sorusuna cevap aran\u0131yor.\u00a0<a href=\"https:\/\/www.dunya.com\/gundem\/11-yargi-paketi-onaylandi-mi-kabul-edildi-mi-yeni-yargi-paketi-son-durum-nedir-haberi-805787\" target=\"_blank\" class=\"feedzy-rss-link-icon\">Read More<\/a><\/p>","protected":false},"excerpt":{"rendered":"<p>11. Yarg\u0131 Paketi ile ilgili son durum merak ediliyor. Meclis&#8217;e gelen yeni yarg\u0131 paketinin g\u00f6r\u00fc\u015f\u00fclmeye ba\u015flan\u0131p ba\u015flanmad\u0131\u011f\u0131 ara\u015ft\u0131r\u0131l\u0131yor. Maddeler bir kez daha g\u00f6zden ge\u00e7irilirken \u0131srarla &#8220;11. Yarg\u0131 Paketi onayland\u0131 m\u0131, kabul edildi mi&#8221; sorusuna cevap aran\u0131yor.11. Yarg\u0131 Paketi ile ilgili son durum merak ediliyor. Meclis&#8217;e gelen yeni yarg\u0131 paketinin g\u00f6r\u00fc\u015f\u00fclmeye ba\u015flan\u0131p ba\u015flanmad\u0131\u011f\u0131 ara\u015ft\u0131r\u0131l\u0131yor. Maddeler bir [&hellip;]<\/p>\n","protected":false},"author":1,"featured_media":12776,"comment_status":"open","ping_status":"open","sticky":false,"template":"","format":"standard","meta":{"footnotes":"","_links_to":"","_links_to_target":""},"categories":[1],"tags":[],"class_list":["post-12775","post","type-post","status-publish","format-standard","has-post-thumbnail","hentry","category-haberler"],"_links":{"self":[{"href":"https:\/\/www.abchukuk.com\/index.php\/wp-json\/wp\/v2\/posts\/12775","targetHints":{"allow":["GET"]}}],"collection":[{"href":"https:\/\/www.abchukuk.com\/index.php\/wp-json\/wp\/v2\/posts"}],"about":[{"href":"https:\/\/www.abchukuk.com\/index.php\/wp-json\/wp\/v2\/types\/post"}],"author":[{"embeddable":true,"href":"https:\/\/www.abchukuk.com\/index.php\/wp-json\/wp\/v2\/users\/1"}],"replies":[{"embeddable":true,"href":"https:\/\/www.abchukuk.com\/index.php\/wp-json\/wp\/v2\/comments?post=12775"}],"version-history":[{"count":0,"href":"https:\/\/www.abchukuk.com\/index.php\/wp-json\/wp\/v2\/posts\/12775\/revisions"}],"wp:featuredmedia":[{"embeddable":true,"href":"https:\/\/www.abchukuk.com\/index.php\/wp-json\/wp\/v2\/media\/12776"}],"wp:attachment":[{"href":"https:\/\/www.abchukuk.com\/index.php\/wp-json\/wp\/v2\/media?parent=12775"}],"wp:term":[{"taxonomy":"category","embeddable":true,"href":"https:\/\/www.abchukuk.com\/index.php\/wp-json\/wp\/v2\/categories?post=12775"},{"taxonomy":"post_tag","embeddable":true,"href":"https:\/\/www.abchukuk.com\/index.php\/wp-json\/wp\/v2\/tags?post=12775"}],"curies":[{"name":"wp","href":"https:\/\/api.w.org\/{rel}","templated":true}]}}