{"id":12773,"date":"2025-12-03T09:52:00","date_gmt":"2025-12-03T09:52:00","guid":{"rendered":"https:\/\/www.abchukuk.com\/index.php\/2025\/12\/03\/adalet-bakani-yilmaz-tunctan-af-aciklamasi\/"},"modified":"2025-12-03T09:52:00","modified_gmt":"2025-12-03T09:52:00","slug":"adalet-bakani-yilmaz-tunctan-af-aciklamasi","status":"publish","type":"post","link":"https:\/\/www.abchukuk.com\/index.php\/2025\/12\/03\/adalet-bakani-yilmaz-tunctan-af-aciklamasi\/","title":{"rendered":"Adalet Bakan\u0131 Y\u0131lmaz Tun\u00e7&#8217;tan &#8216;af&#8217; a\u00e7\u0131klamas\u0131"},"content":{"rendered":"<p>Adalet Bakan\u0131 Y\u0131lmaz Tun\u00e7, 11.Yarg\u0131 Paketi ili\u015fkin yapt\u0131\u011f\u0131 a\u00e7\u0131klamada, &#8220;Bu af de\u011fil kovid d\u00fczenlemesi. Takdir milletvekillerinin, ele\u015ftiriler milletvekilleri taraf\u0131ndan dikkate al\u0131nacakt\u0131r&#8221; dedi.Adalet Bakan\u0131 Y\u0131lmaz Tun\u00e7, 11.Yarg\u0131 Paketi ili\u015fkin yapt\u0131\u011f\u0131 a\u00e7\u0131klamada, &#8220;Bu af de\u011fil kovid d\u00fczenlemesi. Takdir milletvekillerinin, ele\u015ftiriler milletvekilleri taraf\u0131ndan dikkate al\u0131nacakt\u0131r&#8221; dedi.\u00a0<a href=\"https:\/\/www.cumhuriyet.com.tr\/turkiye\/adalet-bakani-yilmaz-tunc-tan-af-aciklamasi-2458138\" target=\"_blank\" class=\"feedzy-rss-link-icon\">Read More<\/a><\/p>","protected":false},"excerpt":{"rendered":"<p>Adalet Bakan\u0131 Y\u0131lmaz Tun\u00e7, 11.Yarg\u0131 Paketi ili\u015fkin yapt\u0131\u011f\u0131 a\u00e7\u0131klamada, &#8220;Bu af de\u011fil kovid d\u00fczenlemesi. Takdir milletvekillerinin, ele\u015ftiriler milletvekilleri taraf\u0131ndan dikkate al\u0131nacakt\u0131r&#8221; dedi.Adalet Bakan\u0131 Y\u0131lmaz Tun\u00e7, 11.Yarg\u0131 Paketi ili\u015fkin yapt\u0131\u011f\u0131 a\u00e7\u0131klamada, &#8220;Bu af de\u011fil kovid d\u00fczenlemesi. Takdir milletvekillerinin, ele\u015ftiriler milletvekilleri taraf\u0131ndan dikkate al\u0131nacakt\u0131r&#8221; dedi.\u00a0Read More<\/p>\n","protected":false},"author":1,"featured_media":12774,"comment_status":"open","ping_status":"open","sticky":false,"template":"","format":"standard","meta":{"footnotes":"","_links_to":"","_links_to_target":""},"categories":[1],"tags":[],"class_list":["post-12773","post","type-post","status-publish","format-standard","has-post-thumbnail","hentry","category-haberler"],"_links":{"self":[{"href":"https:\/\/www.abchukuk.com\/index.php\/wp-json\/wp\/v2\/posts\/12773","targetHints":{"allow":["GET"]}}],"collection":[{"href":"https:\/\/www.abchukuk.com\/index.php\/wp-json\/wp\/v2\/posts"}],"about":[{"href":"https:\/\/www.abchukuk.com\/index.php\/wp-json\/wp\/v2\/types\/post"}],"author":[{"embeddable":true,"href":"https:\/\/www.abchukuk.com\/index.php\/wp-json\/wp\/v2\/users\/1"}],"replies":[{"embeddable":true,"href":"https:\/\/www.abchukuk.com\/index.php\/wp-json\/wp\/v2\/comments?post=12773"}],"version-history":[{"count":0,"href":"https:\/\/www.abchukuk.com\/index.php\/wp-json\/wp\/v2\/posts\/12773\/revisions"}],"wp:featuredmedia":[{"embeddable":true,"href":"https:\/\/www.abchukuk.com\/index.php\/wp-json\/wp\/v2\/media\/12774"}],"wp:attachment":[{"href":"https:\/\/www.abchukuk.com\/index.php\/wp-json\/wp\/v2\/media?parent=12773"}],"wp:term":[{"taxonomy":"category","embeddable":true,"href":"https:\/\/www.abchukuk.com\/index.php\/wp-json\/wp\/v2\/categories?post=12773"},{"taxonomy":"post_tag","embeddable":true,"href":"https:\/\/www.abchukuk.com\/index.php\/wp-json\/wp\/v2\/tags?post=12773"}],"curies":[{"name":"wp","href":"https:\/\/api.w.org\/{rel}","templated":true}]}}