{"id":12771,"date":"2025-12-03T06:14:18","date_gmt":"2025-12-03T06:14:18","guid":{"rendered":"https:\/\/www.abchukuk.com\/index.php\/2025\/12\/03\/danistay-kartalkaya-otel-yangini-kararini-acikladi\/"},"modified":"2025-12-03T06:14:18","modified_gmt":"2025-12-03T06:14:18","slug":"danistay-kartalkaya-otel-yangini-kararini-acikladi","status":"publish","type":"post","link":"https:\/\/www.abchukuk.com\/index.php\/2025\/12\/03\/danistay-kartalkaya-otel-yangini-kararini-acikladi\/","title":{"rendered":"Dan\u0131\u015ftay, Kartalkaya otel yang\u0131n\u0131 karar\u0131n\u0131 a\u00e7\u0131klad\u0131"},"content":{"rendered":"<p>Dan\u0131\u015ftay, Bolu Grand Kartal Otel yang\u0131n\u0131yla ilgili \u00c7al\u0131\u015fma Bakanl\u0131\u011f\u0131\u2019n\u0131n eski \u0130\u015f Ba\u015fm\u00fcfetti\u015fi Ayano\u011flu hakk\u0131nda verdi\u011fi soru\u015fturma izni karar\u0131n\u0131 kald\u0131rd\u0131. Kararda &#8220;\u0130lgililer hakk\u0131nda soru\u015fturma izni verilmesi veya verilmemesi y\u00f6n\u00fcnde gerek\u00e7esi de belirtilmek suretiyle yeni bir karar verilmesi&#8221; istendi.Dan\u0131\u015ftay, Bolu Grand Kartal Otel yang\u0131n\u0131yla ilgili \u00c7al\u0131\u015fma Bakanl\u0131\u011f\u0131\u2019n\u0131n eski \u0130\u015f Ba\u015fm\u00fcfetti\u015fi Ayano\u011flu hakk\u0131nda verdi\u011fi soru\u015fturma izni karar\u0131n\u0131 kald\u0131rd\u0131. Kararda &#8220;\u0130lgililer hakk\u0131nda soru\u015fturma izni verilmesi veya verilmemesi y\u00f6n\u00fcnde gerek\u00e7esi de belirtilmek suretiyle yeni bir karar verilmesi&#8221; istendi.\u00a0<a href=\"https:\/\/anlatilaninotesi.com.tr\/20251203\/danistay-kartalkaya-otel-yangini-kararini-acikladi-1101496938.html\" target=\"_blank\" class=\"feedzy-rss-link-icon\">Read More<\/a><\/p>","protected":false},"excerpt":{"rendered":"<p>Dan\u0131\u015ftay, Bolu Grand Kartal Otel yang\u0131n\u0131yla ilgili \u00c7al\u0131\u015fma Bakanl\u0131\u011f\u0131\u2019n\u0131n eski \u0130\u015f Ba\u015fm\u00fcfetti\u015fi Ayano\u011flu hakk\u0131nda verdi\u011fi soru\u015fturma izni karar\u0131n\u0131 kald\u0131rd\u0131. Kararda &#8220;\u0130lgililer hakk\u0131nda soru\u015fturma izni verilmesi veya verilmemesi y\u00f6n\u00fcnde gerek\u00e7esi de belirtilmek suretiyle yeni bir karar verilmesi&#8221; istendi.Dan\u0131\u015ftay, Bolu Grand Kartal Otel yang\u0131n\u0131yla ilgili \u00c7al\u0131\u015fma Bakanl\u0131\u011f\u0131\u2019n\u0131n eski \u0130\u015f Ba\u015fm\u00fcfetti\u015fi Ayano\u011flu hakk\u0131nda verdi\u011fi soru\u015fturma izni karar\u0131n\u0131 kald\u0131rd\u0131. [&hellip;]<\/p>\n","protected":false},"author":1,"featured_media":0,"comment_status":"open","ping_status":"open","sticky":false,"template":"","format":"standard","meta":{"footnotes":"","_links_to":"","_links_to_target":""},"categories":[1],"tags":[],"class_list":["post-12771","post","type-post","status-publish","format-standard","hentry","category-haberler"],"_links":{"self":[{"href":"https:\/\/www.abchukuk.com\/index.php\/wp-json\/wp\/v2\/posts\/12771","targetHints":{"allow":["GET"]}}],"collection":[{"href":"https:\/\/www.abchukuk.com\/index.php\/wp-json\/wp\/v2\/posts"}],"about":[{"href":"https:\/\/www.abchukuk.com\/index.php\/wp-json\/wp\/v2\/types\/post"}],"author":[{"embeddable":true,"href":"https:\/\/www.abchukuk.com\/index.php\/wp-json\/wp\/v2\/users\/1"}],"replies":[{"embeddable":true,"href":"https:\/\/www.abchukuk.com\/index.php\/wp-json\/wp\/v2\/comments?post=12771"}],"version-history":[{"count":0,"href":"https:\/\/www.abchukuk.com\/index.php\/wp-json\/wp\/v2\/posts\/12771\/revisions"}],"wp:attachment":[{"href":"https:\/\/www.abchukuk.com\/index.php\/wp-json\/wp\/v2\/media?parent=12771"}],"wp:term":[{"taxonomy":"category","embeddable":true,"href":"https:\/\/www.abchukuk.com\/index.php\/wp-json\/wp\/v2\/categories?post=12771"},{"taxonomy":"post_tag","embeddable":true,"href":"https:\/\/www.abchukuk.com\/index.php\/wp-json\/wp\/v2\/tags?post=12771"}],"curies":[{"name":"wp","href":"https:\/\/api.w.org\/{rel}","templated":true}]}}