{"id":12770,"date":"2025-12-03T06:23:35","date_gmt":"2025-12-03T06:23:35","guid":{"rendered":"https:\/\/www.abchukuk.com\/index.php\/2025\/12\/03\/faladdin-ve-binnaz-uygulamalarinin-sahibi-sertac-tasdelene-ev-hapsi-tedbiriyle-tahliye\/"},"modified":"2025-12-03T06:23:35","modified_gmt":"2025-12-03T06:23:35","slug":"faladdin-ve-binnaz-uygulamalarinin-sahibi-sertac-tasdelene-ev-hapsi-tedbiriyle-tahliye","status":"publish","type":"post","link":"https:\/\/www.abchukuk.com\/index.php\/2025\/12\/03\/faladdin-ve-binnaz-uygulamalarinin-sahibi-sertac-tasdelene-ev-hapsi-tedbiriyle-tahliye\/","title":{"rendered":"Faladdin ve Binnaz uygulamalar\u0131n\u0131n sahibi Serta\u00e7 Ta\u015fdelen&#8217;e ev hapsi tedbiriyle tahliye"},"content":{"rendered":"<p>\u00dcnl\u00fc fal bakma uygulamalar\u0131 Faladdin ve Binnaz \u00fczerinden su\u00e7 geliri olu\u015fturarak bunlar\u0131 aklad\u0131\u011f\u0131 iddias\u0131yla cezaevinde bulunan sahibi Serta\u00e7 Ta\u015fdelen hakk\u0131nda &#8216;konutu terk etmeme&#8217; \u015feklinde adli kontrol tedbirinin uygulanmas\u0131na karar verildi.\u00dcnl\u00fc fal bakma uygulamalar\u0131 Faladdin ve Binnaz \u00fczerinden su\u00e7 geliri olu\u015fturarak bunlar\u0131 aklad\u0131\u011f\u0131 iddias\u0131yla cezaevinde bulunan sahibi Serta\u00e7 Ta\u015fdelen hakk\u0131nda &#8216;konutu terk etmeme&#8217; \u015feklinde adli kontrol tedbirinin uygulanmas\u0131na karar verildi.\u00a0<a href=\"http:\/\/tr.euronews.com\/2025\/12\/03\/faladdin-ve-binnaz-uygulamalarinin-sahibi-sertac-tasdelene-ev-hapsi-tedbiriyle-tahliye\" target=\"_blank\" class=\"feedzy-rss-link-icon\">Read More<\/a><\/p>","protected":false},"excerpt":{"rendered":"<p>\u00dcnl\u00fc fal bakma uygulamalar\u0131 Faladdin ve Binnaz \u00fczerinden su\u00e7 geliri olu\u015fturarak bunlar\u0131 aklad\u0131\u011f\u0131 iddias\u0131yla cezaevinde bulunan sahibi Serta\u00e7 Ta\u015fdelen hakk\u0131nda &#8216;konutu terk etmeme&#8217; \u015feklinde adli kontrol tedbirinin uygulanmas\u0131na karar verildi.\u00dcnl\u00fc fal bakma uygulamalar\u0131 Faladdin ve Binnaz \u00fczerinden su\u00e7 geliri olu\u015fturarak bunlar\u0131 aklad\u0131\u011f\u0131 iddias\u0131yla cezaevinde bulunan sahibi Serta\u00e7 Ta\u015fdelen hakk\u0131nda &#8216;konutu terk etmeme&#8217; \u015feklinde adli kontrol [&hellip;]<\/p>\n","protected":false},"author":1,"featured_media":0,"comment_status":"open","ping_status":"open","sticky":false,"template":"","format":"standard","meta":{"footnotes":"","_links_to":"","_links_to_target":""},"categories":[1],"tags":[],"class_list":["post-12770","post","type-post","status-publish","format-standard","hentry","category-haberler"],"_links":{"self":[{"href":"https:\/\/www.abchukuk.com\/index.php\/wp-json\/wp\/v2\/posts\/12770","targetHints":{"allow":["GET"]}}],"collection":[{"href":"https:\/\/www.abchukuk.com\/index.php\/wp-json\/wp\/v2\/posts"}],"about":[{"href":"https:\/\/www.abchukuk.com\/index.php\/wp-json\/wp\/v2\/types\/post"}],"author":[{"embeddable":true,"href":"https:\/\/www.abchukuk.com\/index.php\/wp-json\/wp\/v2\/users\/1"}],"replies":[{"embeddable":true,"href":"https:\/\/www.abchukuk.com\/index.php\/wp-json\/wp\/v2\/comments?post=12770"}],"version-history":[{"count":0,"href":"https:\/\/www.abchukuk.com\/index.php\/wp-json\/wp\/v2\/posts\/12770\/revisions"}],"wp:attachment":[{"href":"https:\/\/www.abchukuk.com\/index.php\/wp-json\/wp\/v2\/media?parent=12770"}],"wp:term":[{"taxonomy":"category","embeddable":true,"href":"https:\/\/www.abchukuk.com\/index.php\/wp-json\/wp\/v2\/categories?post=12770"},{"taxonomy":"post_tag","embeddable":true,"href":"https:\/\/www.abchukuk.com\/index.php\/wp-json\/wp\/v2\/tags?post=12770"}],"curies":[{"name":"wp","href":"https:\/\/api.w.org\/{rel}","templated":true}]}}