{"id":12762,"date":"2025-12-03T06:58:00","date_gmt":"2025-12-03T06:58:00","guid":{"rendered":"https:\/\/www.abchukuk.com\/index.php\/2025\/12\/03\/karabukteki-tefecilik-operasyonunda-imam-tutuklandi-muezzin-adli-kontrolle-serbest-birakildi\/"},"modified":"2025-12-03T06:58:00","modified_gmt":"2025-12-03T06:58:00","slug":"karabukteki-tefecilik-operasyonunda-imam-tutuklandi-muezzin-adli-kontrolle-serbest-birakildi","status":"publish","type":"post","link":"https:\/\/www.abchukuk.com\/index.php\/2025\/12\/03\/karabukteki-tefecilik-operasyonunda-imam-tutuklandi-muezzin-adli-kontrolle-serbest-birakildi\/","title":{"rendered":"Karab\u00fck\u2019teki tefecilik operasyonunda imam tutukland\u0131, m\u00fcezzin adli kontrolle serbest b\u0131rak\u0131ld\u0131"},"content":{"rendered":"<p>Karab\u00fck\u2019te tefecilik yapt\u0131klar\u0131 iddias\u0131yla d\u00fczenlenen operasyonda g\u00f6zalt\u0131na al\u0131nan 4 \u015f\u00fcpheliden 2\u2019si tutukland\u0131. Tutuklananlardan birinin imam oldu\u011fu \u00f6\u011frenildi.Karab\u00fck\u2019te tefecilik yapt\u0131klar\u0131 iddias\u0131yla d\u00fczenlenen operasyonda g\u00f6zalt\u0131na al\u0131nan 4 \u015f\u00fcpheliden 2\u2019si tutukland\u0131. Tutuklananlardan birinin imam oldu\u011fu \u00f6\u011frenildi.\u00a0<a href=\"https:\/\/www.cumhuriyet.com.tr\/turkiye\/karabuk-teki-tefecilik-operasyonunda-imam-tutuklandi-muezzin-adli-kontrolle-serbest-birakildi-2458061\" target=\"_blank\" class=\"feedzy-rss-link-icon\">Read More<\/a><\/p>","protected":false},"excerpt":{"rendered":"<p>Karab\u00fck\u2019te tefecilik yapt\u0131klar\u0131 iddias\u0131yla d\u00fczenlenen operasyonda g\u00f6zalt\u0131na al\u0131nan 4 \u015f\u00fcpheliden 2\u2019si tutukland\u0131. Tutuklananlardan birinin imam oldu\u011fu \u00f6\u011frenildi.Karab\u00fck\u2019te tefecilik yapt\u0131klar\u0131 iddias\u0131yla d\u00fczenlenen operasyonda g\u00f6zalt\u0131na al\u0131nan 4 \u015f\u00fcpheliden 2\u2019si tutukland\u0131. Tutuklananlardan birinin imam oldu\u011fu \u00f6\u011frenildi.\u00a0Read More<\/p>\n","protected":false},"author":1,"featured_media":12763,"comment_status":"open","ping_status":"open","sticky":false,"template":"","format":"standard","meta":{"footnotes":"","_links_to":"","_links_to_target":""},"categories":[1],"tags":[],"class_list":["post-12762","post","type-post","status-publish","format-standard","has-post-thumbnail","hentry","category-haberler"],"_links":{"self":[{"href":"https:\/\/www.abchukuk.com\/index.php\/wp-json\/wp\/v2\/posts\/12762","targetHints":{"allow":["GET"]}}],"collection":[{"href":"https:\/\/www.abchukuk.com\/index.php\/wp-json\/wp\/v2\/posts"}],"about":[{"href":"https:\/\/www.abchukuk.com\/index.php\/wp-json\/wp\/v2\/types\/post"}],"author":[{"embeddable":true,"href":"https:\/\/www.abchukuk.com\/index.php\/wp-json\/wp\/v2\/users\/1"}],"replies":[{"embeddable":true,"href":"https:\/\/www.abchukuk.com\/index.php\/wp-json\/wp\/v2\/comments?post=12762"}],"version-history":[{"count":0,"href":"https:\/\/www.abchukuk.com\/index.php\/wp-json\/wp\/v2\/posts\/12762\/revisions"}],"wp:featuredmedia":[{"embeddable":true,"href":"https:\/\/www.abchukuk.com\/index.php\/wp-json\/wp\/v2\/media\/12763"}],"wp:attachment":[{"href":"https:\/\/www.abchukuk.com\/index.php\/wp-json\/wp\/v2\/media?parent=12762"}],"wp:term":[{"taxonomy":"category","embeddable":true,"href":"https:\/\/www.abchukuk.com\/index.php\/wp-json\/wp\/v2\/categories?post=12762"},{"taxonomy":"post_tag","embeddable":true,"href":"https:\/\/www.abchukuk.com\/index.php\/wp-json\/wp\/v2\/tags?post=12762"}],"curies":[{"name":"wp","href":"https:\/\/api.w.org\/{rel}","templated":true}]}}