{"id":12755,"date":"2025-12-03T01:00:00","date_gmt":"2025-12-03T01:00:00","guid":{"rendered":"https:\/\/www.abchukuk.com\/index.php\/2025\/12\/03\/lehte-karar-veren-ya-da-itiraz-eden-yargi-mensuplari-ya-gorevden-alindi-ya-tayini-cikti-imamoglu-surgunleri\/"},"modified":"2025-12-03T01:00:00","modified_gmt":"2025-12-03T01:00:00","slug":"lehte-karar-veren-ya-da-itiraz-eden-yargi-mensuplari-ya-gorevden-alindi-ya-tayini-cikti-imamoglu-surgunleri","status":"publish","type":"post","link":"https:\/\/www.abchukuk.com\/index.php\/2025\/12\/03\/lehte-karar-veren-ya-da-itiraz-eden-yargi-mensuplari-ya-gorevden-alindi-ya-tayini-cikti-imamoglu-surgunleri\/","title":{"rendered":"Lehte karar veren ya da itiraz eden yarg\u0131 mensuplar\u0131 ya g\u00f6revden al\u0131nd\u0131 ya tayini \u00e7\u0131kt\u0131: \u2018\u0130mamo\u011flu\u2019 s\u00fcrg\u00fcnleri"},"content":{"rendered":"<p>Diploma davas\u0131n\u0131n h\u00e2kimi ve \u201cihaleye fesat kar\u0131\u015ft\u0131rma\u201d davas\u0131nda beraat veren h\u00e2kim Kahramanmara\u015f\u2019ta g\u00f6revlendirildi. \u201cAhmak\u201d davas\u0131n\u0131n Samsun\u2019a tayini \u00e7\u0131kan h\u00e2kimi siyasi bask\u0131lar\u0131 anlatt\u0131. \u201cSavc\u0131ya hakaretten\u201d beraat isteyen yarg\u0131\u00e7 ise i\u015f mahkemesine g\u00f6nderildi.Diploma davas\u0131n\u0131n h\u00e2kimi ve \u201cihaleye fesat kar\u0131\u015ft\u0131rma\u201d davas\u0131nda beraat veren h\u00e2kim Kahramanmara\u015f\u2019ta g\u00f6revlendirildi. \u201cAhmak\u201d davas\u0131n\u0131n Samsun\u2019a tayini \u00e7\u0131kan h\u00e2kimi siyasi bask\u0131lar\u0131 anlatt\u0131. \u201cSavc\u0131ya hakaretten\u201d beraat isteyen yarg\u0131\u00e7 ise i\u015f mahkemesine g\u00f6nderildi.\u00a0<a href=\"https:\/\/www.cumhuriyet.com.tr\/turkiye\/lehte-karar-veren-ya-da-itiraz-eden-yargi-mensuplari-ya-gorevden-alindi-ya-tayini-cikti-imamoglu-surgunleri-2458018\" target=\"_blank\" class=\"feedzy-rss-link-icon\">Read More<\/a><\/p>","protected":false},"excerpt":{"rendered":"<p>Diploma davas\u0131n\u0131n h\u00e2kimi ve \u201cihaleye fesat kar\u0131\u015ft\u0131rma\u201d davas\u0131nda beraat veren h\u00e2kim Kahramanmara\u015f\u2019ta g\u00f6revlendirildi. \u201cAhmak\u201d davas\u0131n\u0131n Samsun\u2019a tayini \u00e7\u0131kan h\u00e2kimi siyasi bask\u0131lar\u0131 anlatt\u0131. \u201cSavc\u0131ya hakaretten\u201d beraat isteyen yarg\u0131\u00e7 ise i\u015f mahkemesine g\u00f6nderildi.Diploma davas\u0131n\u0131n h\u00e2kimi ve \u201cihaleye fesat kar\u0131\u015ft\u0131rma\u201d davas\u0131nda beraat veren h\u00e2kim Kahramanmara\u015f\u2019ta g\u00f6revlendirildi. \u201cAhmak\u201d davas\u0131n\u0131n Samsun\u2019a tayini \u00e7\u0131kan h\u00e2kimi siyasi bask\u0131lar\u0131 anlatt\u0131. \u201cSavc\u0131ya hakaretten\u201d beraat [&hellip;]<\/p>\n","protected":false},"author":1,"featured_media":12756,"comment_status":"open","ping_status":"open","sticky":false,"template":"","format":"standard","meta":{"footnotes":"","_links_to":"","_links_to_target":""},"categories":[1],"tags":[],"class_list":["post-12755","post","type-post","status-publish","format-standard","has-post-thumbnail","hentry","category-haberler"],"_links":{"self":[{"href":"https:\/\/www.abchukuk.com\/index.php\/wp-json\/wp\/v2\/posts\/12755","targetHints":{"allow":["GET"]}}],"collection":[{"href":"https:\/\/www.abchukuk.com\/index.php\/wp-json\/wp\/v2\/posts"}],"about":[{"href":"https:\/\/www.abchukuk.com\/index.php\/wp-json\/wp\/v2\/types\/post"}],"author":[{"embeddable":true,"href":"https:\/\/www.abchukuk.com\/index.php\/wp-json\/wp\/v2\/users\/1"}],"replies":[{"embeddable":true,"href":"https:\/\/www.abchukuk.com\/index.php\/wp-json\/wp\/v2\/comments?post=12755"}],"version-history":[{"count":0,"href":"https:\/\/www.abchukuk.com\/index.php\/wp-json\/wp\/v2\/posts\/12755\/revisions"}],"wp:featuredmedia":[{"embeddable":true,"href":"https:\/\/www.abchukuk.com\/index.php\/wp-json\/wp\/v2\/media\/12756"}],"wp:attachment":[{"href":"https:\/\/www.abchukuk.com\/index.php\/wp-json\/wp\/v2\/media?parent=12755"}],"wp:term":[{"taxonomy":"category","embeddable":true,"href":"https:\/\/www.abchukuk.com\/index.php\/wp-json\/wp\/v2\/categories?post=12755"},{"taxonomy":"post_tag","embeddable":true,"href":"https:\/\/www.abchukuk.com\/index.php\/wp-json\/wp\/v2\/tags?post=12755"}],"curies":[{"name":"wp","href":"https:\/\/api.w.org\/{rel}","templated":true}]}}