{"id":12752,"date":"2025-12-02T13:02:17","date_gmt":"2025-12-02T13:02:17","guid":{"rendered":"https:\/\/www.abchukuk.com\/index.php\/2025\/12\/02\/avukata-ver-gitsin-sozleri-uzerine-olduruldu\/"},"modified":"2025-12-02T13:02:17","modified_gmt":"2025-12-02T13:02:17","slug":"avukata-ver-gitsin-sozleri-uzerine-olduruldu","status":"publish","type":"post","link":"https:\/\/www.abchukuk.com\/index.php\/2025\/12\/02\/avukata-ver-gitsin-sozleri-uzerine-olduruldu\/","title":{"rendered":"\u201cAvukata ver gitsin\u2019 s\u00f6zleri \u00fczerine \u00f6ld\u00fcr\u00fcld\u00fc"},"content":{"rendered":"<p>\u0130stanbul Avc\u0131lar\u2019da 39 ya\u015f\u0131ndaki \u00c7a\u011flar Turalo\u011flu, silahl\u0131 sald\u0131r\u0131ya u\u011frayarak hayat\u0131n\u0131 kaybetti. Yap\u0131lan ara\u015ft\u0131rmalar, cinayetin g\u00fcnler \u00f6nce meydana gelen maddi hasarl\u0131 bir kazadan sonra ya\u015fanan tart\u0131\u015fma nedeniyle i\u015flendi\u011fini ortaya \u00e7\u0131kard\u0131. \u0130ddialara g\u00f6re Turalo\u011flu, kazaya kar\u0131\u015fan arkada\u015f\u0131na \u201cNe u\u011fra\u015f\u0131yorsun, avukata ver gitsin\u201d dedi\u011fi ki\u015fi taraf\u0131ndan silahl\u0131 sald\u0131r\u0131ya u\u011frad\u0131. Olayla ilgili 2 \u015f\u00fcpheli g\u00f6zalt\u0131na al\u0131nd\u0131\u0130stanbul Avc\u0131lar\u2019da 39 ya\u015f\u0131ndaki \u00c7a\u011flar Turalo\u011flu, silahl\u0131 sald\u0131r\u0131ya u\u011frayarak hayat\u0131n\u0131 kaybetti. Yap\u0131lan ara\u015ft\u0131rmalar, cinayetin g\u00fcnler \u00f6nce meydana gelen maddi hasarl\u0131 bir kazadan sonra ya\u015fanan tart\u0131\u015fma nedeniyle i\u015flendi\u011fini ortaya \u00e7\u0131kard\u0131. \u0130ddialara g\u00f6re Turalo\u011flu, kazaya kar\u0131\u015fan arkada\u015f\u0131na \u201cNe u\u011fra\u015f\u0131yorsun, avukata ver gitsin\u201d dedi\u011fi ki\u015fi taraf\u0131ndan silahl\u0131 sald\u0131r\u0131ya u\u011frad\u0131. Olayla ilgili 2 \u015f\u00fcpheli g\u00f6zalt\u0131na al\u0131nd\u0131\u00a0<a href=\"https:\/\/www.haberturk.com\/son-dakika-avukata-ver-gitsin-sozleri-uzerine-olduruldu-3842331\" target=\"_blank\" class=\"feedzy-rss-link-icon\">Read More<\/a><\/p>","protected":false},"excerpt":{"rendered":"<p>\u0130stanbul Avc\u0131lar\u2019da 39 ya\u015f\u0131ndaki \u00c7a\u011flar Turalo\u011flu, silahl\u0131 sald\u0131r\u0131ya u\u011frayarak hayat\u0131n\u0131 kaybetti. Yap\u0131lan ara\u015ft\u0131rmalar, cinayetin g\u00fcnler \u00f6nce meydana gelen maddi hasarl\u0131 bir kazadan sonra ya\u015fanan tart\u0131\u015fma nedeniyle i\u015flendi\u011fini ortaya \u00e7\u0131kard\u0131. \u0130ddialara g\u00f6re Turalo\u011flu, kazaya kar\u0131\u015fan arkada\u015f\u0131na \u201cNe u\u011fra\u015f\u0131yorsun, avukata ver gitsin\u201d dedi\u011fi ki\u015fi taraf\u0131ndan silahl\u0131 sald\u0131r\u0131ya u\u011frad\u0131. Olayla ilgili 2 \u015f\u00fcpheli g\u00f6zalt\u0131na al\u0131nd\u0131\u0130stanbul Avc\u0131lar\u2019da 39 ya\u015f\u0131ndaki [&hellip;]<\/p>\n","protected":false},"author":1,"featured_media":0,"comment_status":"open","ping_status":"open","sticky":false,"template":"","format":"standard","meta":{"footnotes":"","_links_to":"","_links_to_target":""},"categories":[1],"tags":[],"class_list":["post-12752","post","type-post","status-publish","format-standard","hentry","category-haberler"],"_links":{"self":[{"href":"https:\/\/www.abchukuk.com\/index.php\/wp-json\/wp\/v2\/posts\/12752","targetHints":{"allow":["GET"]}}],"collection":[{"href":"https:\/\/www.abchukuk.com\/index.php\/wp-json\/wp\/v2\/posts"}],"about":[{"href":"https:\/\/www.abchukuk.com\/index.php\/wp-json\/wp\/v2\/types\/post"}],"author":[{"embeddable":true,"href":"https:\/\/www.abchukuk.com\/index.php\/wp-json\/wp\/v2\/users\/1"}],"replies":[{"embeddable":true,"href":"https:\/\/www.abchukuk.com\/index.php\/wp-json\/wp\/v2\/comments?post=12752"}],"version-history":[{"count":0,"href":"https:\/\/www.abchukuk.com\/index.php\/wp-json\/wp\/v2\/posts\/12752\/revisions"}],"wp:attachment":[{"href":"https:\/\/www.abchukuk.com\/index.php\/wp-json\/wp\/v2\/media?parent=12752"}],"wp:term":[{"taxonomy":"category","embeddable":true,"href":"https:\/\/www.abchukuk.com\/index.php\/wp-json\/wp\/v2\/categories?post=12752"},{"taxonomy":"post_tag","embeddable":true,"href":"https:\/\/www.abchukuk.com\/index.php\/wp-json\/wp\/v2\/tags?post=12752"}],"curies":[{"name":"wp","href":"https:\/\/api.w.org\/{rel}","templated":true}]}}