{"id":12748,"date":"2025-12-02T22:36:25","date_gmt":"2025-12-02T22:36:25","guid":{"rendered":"https:\/\/www.abchukuk.com\/index.php\/2025\/12\/02\/moskovadaki-ukrayna-baris-plani-gorusmeleri-yapici-ancak-toprak-konusunda-uzlasma-saglanamadi\/"},"modified":"2025-12-02T22:36:25","modified_gmt":"2025-12-02T22:36:25","slug":"moskovadaki-ukrayna-baris-plani-gorusmeleri-yapici-ancak-toprak-konusunda-uzlasma-saglanamadi","status":"publish","type":"post","link":"https:\/\/www.abchukuk.com\/index.php\/2025\/12\/02\/moskovadaki-ukrayna-baris-plani-gorusmeleri-yapici-ancak-toprak-konusunda-uzlasma-saglanamadi\/","title":{"rendered":"Moskova&#8217;daki Ukrayna bar\u0131\u015f plan\u0131 g\u00f6r\u00fc\u015fmeleri: &#8216;Yap\u0131c\u0131 ancak toprak konusunda uzla\u015fma sa\u011flanamad\u0131&#8217;"},"content":{"rendered":"<p>ABD \u00d6zel Temsilcisi Steve Witkoff, Rusya Devlet Ba\u015fkan\u0131 Vladimir Putin ile Ukrayna sava\u015f\u0131n\u0131 sona erdirmek \u00fczere g\u00f6r\u00fc\u015fmek i\u00e7in Moskova&#8217;ya gitti. Bu g\u00f6r\u00fc\u015fme \u00f6ncesi Putin, Rusya&#8217;n\u0131n Avrupa ile sava\u015f istemedi\u011fini ancak &#8220;sava\u015fmaya haz\u0131r&#8221; oldu\u011funu s\u00f6yledi.ABD \u00d6zel Temsilcisi Steve Witkoff, Rusya Devlet Ba\u015fkan\u0131 Vladimir Putin ile Ukrayna sava\u015f\u0131n\u0131 sona erdirmek \u00fczere g\u00f6r\u00fc\u015fmek i\u00e7in Moskova&#8217;ya gitti. Bu g\u00f6r\u00fc\u015fme \u00f6ncesi Putin, Rusya&#8217;n\u0131n Avrupa ile sava\u015f istemedi\u011fini ancak &#8220;sava\u015fmaya haz\u0131r&#8221; oldu\u011funu s\u00f6yledi.\u00a0<a href=\"https:\/\/www.bbc.com\/turkce\/articles\/c5y4ye442ypo?at_medium=RSS&amp;at_campaign=rss\" target=\"_blank\" class=\"feedzy-rss-link-icon\">Read More<\/a><\/p>","protected":false},"excerpt":{"rendered":"<p>ABD \u00d6zel Temsilcisi Steve Witkoff, Rusya Devlet Ba\u015fkan\u0131 Vladimir Putin ile Ukrayna sava\u015f\u0131n\u0131 sona erdirmek \u00fczere g\u00f6r\u00fc\u015fmek i\u00e7in Moskova&#8217;ya gitti. Bu g\u00f6r\u00fc\u015fme \u00f6ncesi Putin, Rusya&#8217;n\u0131n Avrupa ile sava\u015f istemedi\u011fini ancak &#8220;sava\u015fmaya haz\u0131r&#8221; oldu\u011funu s\u00f6yledi.ABD \u00d6zel Temsilcisi Steve Witkoff, Rusya Devlet Ba\u015fkan\u0131 Vladimir Putin ile Ukrayna sava\u015f\u0131n\u0131 sona erdirmek \u00fczere g\u00f6r\u00fc\u015fmek i\u00e7in Moskova&#8217;ya gitti. Bu g\u00f6r\u00fc\u015fme [&hellip;]<\/p>\n","protected":false},"author":1,"featured_media":12749,"comment_status":"open","ping_status":"open","sticky":false,"template":"","format":"standard","meta":{"footnotes":"","_links_to":"","_links_to_target":""},"categories":[1],"tags":[],"class_list":["post-12748","post","type-post","status-publish","format-standard","has-post-thumbnail","hentry","category-haberler"],"_links":{"self":[{"href":"https:\/\/www.abchukuk.com\/index.php\/wp-json\/wp\/v2\/posts\/12748","targetHints":{"allow":["GET"]}}],"collection":[{"href":"https:\/\/www.abchukuk.com\/index.php\/wp-json\/wp\/v2\/posts"}],"about":[{"href":"https:\/\/www.abchukuk.com\/index.php\/wp-json\/wp\/v2\/types\/post"}],"author":[{"embeddable":true,"href":"https:\/\/www.abchukuk.com\/index.php\/wp-json\/wp\/v2\/users\/1"}],"replies":[{"embeddable":true,"href":"https:\/\/www.abchukuk.com\/index.php\/wp-json\/wp\/v2\/comments?post=12748"}],"version-history":[{"count":0,"href":"https:\/\/www.abchukuk.com\/index.php\/wp-json\/wp\/v2\/posts\/12748\/revisions"}],"wp:featuredmedia":[{"embeddable":true,"href":"https:\/\/www.abchukuk.com\/index.php\/wp-json\/wp\/v2\/media\/12749"}],"wp:attachment":[{"href":"https:\/\/www.abchukuk.com\/index.php\/wp-json\/wp\/v2\/media?parent=12748"}],"wp:term":[{"taxonomy":"category","embeddable":true,"href":"https:\/\/www.abchukuk.com\/index.php\/wp-json\/wp\/v2\/categories?post=12748"},{"taxonomy":"post_tag","embeddable":true,"href":"https:\/\/www.abchukuk.com\/index.php\/wp-json\/wp\/v2\/tags?post=12748"}],"curies":[{"name":"wp","href":"https:\/\/api.w.org\/{rel}","templated":true}]}}