{"id":12718,"date":"2025-12-02T19:45:00","date_gmt":"2025-12-02T19:45:00","guid":{"rendered":"https:\/\/www.abchukuk.com\/index.php\/2025\/12\/02\/tuttur-sorusturmasinda-yeni-gelisme-iddia-sahibine-tutuklama-karari\/"},"modified":"2025-12-02T19:45:00","modified_gmt":"2025-12-02T19:45:00","slug":"tuttur-sorusturmasinda-yeni-gelisme-iddia-sahibine-tutuklama-karari","status":"publish","type":"post","link":"https:\/\/www.abchukuk.com\/index.php\/2025\/12\/02\/tuttur-sorusturmasinda-yeni-gelisme-iddia-sahibine-tutuklama-karari\/","title":{"rendered":"\u2018Tuttur\u2019 soru\u015fturmas\u0131nda yeni geli\u015fme: \u0130ddia sahibine tutuklama karar\u0131!"},"content":{"rendered":"<p>\u0130stanbul Cumhuriyet Ba\u015fsavc\u0131l\u0131\u011f\u0131, \u2018tuttur.com&#8217;daki ki\u015fisel verilerin bahis soru\u015fturmas\u0131 s\u00fcrecinden \u00f6nce silindi\u011fine ili\u015fkin iddialar\u0131 yalanlad\u0131. Savc\u0131l\u0131k iddialar\u0131 sosyal medyada yayan ki\u015fi hakk\u0131nda tutuklama karar\u0131 verildi\u011fini duyurdu.\u0130stanbul Cumhuriyet Ba\u015fsavc\u0131l\u0131\u011f\u0131, \u2018tuttur.com&#8217;daki ki\u015fisel verilerin bahis soru\u015fturmas\u0131 s\u00fcrecinden \u00f6nce silindi\u011fine ili\u015fkin iddialar\u0131 yalanlad\u0131. Savc\u0131l\u0131k iddialar\u0131 sosyal medyada yayan ki\u015fi hakk\u0131nda tutuklama karar\u0131 verildi\u011fini duyurdu.\u00a0<a href=\"https:\/\/www.cumhuriyet.com.tr\/spor\/tuttur-sorusturmasinda-yeni-gelisme-iddia-sahibine-tutuklama-karari-2457976\" target=\"_blank\" class=\"feedzy-rss-link-icon\">Read More<\/a><\/p>","protected":false},"excerpt":{"rendered":"<p>\u0130stanbul Cumhuriyet Ba\u015fsavc\u0131l\u0131\u011f\u0131, \u2018tuttur.com&#8217;daki ki\u015fisel verilerin bahis soru\u015fturmas\u0131 s\u00fcrecinden \u00f6nce silindi\u011fine ili\u015fkin iddialar\u0131 yalanlad\u0131. Savc\u0131l\u0131k iddialar\u0131 sosyal medyada yayan ki\u015fi hakk\u0131nda tutuklama karar\u0131 verildi\u011fini duyurdu.\u0130stanbul Cumhuriyet Ba\u015fsavc\u0131l\u0131\u011f\u0131, \u2018tuttur.com&#8217;daki ki\u015fisel verilerin bahis soru\u015fturmas\u0131 s\u00fcrecinden \u00f6nce silindi\u011fine ili\u015fkin iddialar\u0131 yalanlad\u0131. Savc\u0131l\u0131k iddialar\u0131 sosyal medyada yayan ki\u015fi hakk\u0131nda tutuklama karar\u0131 verildi\u011fini duyurdu.\u00a0Read More<\/p>\n","protected":false},"author":1,"featured_media":12719,"comment_status":"open","ping_status":"open","sticky":false,"template":"","format":"standard","meta":{"footnotes":"","_links_to":"","_links_to_target":""},"categories":[1],"tags":[],"class_list":["post-12718","post","type-post","status-publish","format-standard","has-post-thumbnail","hentry","category-haberler"],"_links":{"self":[{"href":"https:\/\/www.abchukuk.com\/index.php\/wp-json\/wp\/v2\/posts\/12718","targetHints":{"allow":["GET"]}}],"collection":[{"href":"https:\/\/www.abchukuk.com\/index.php\/wp-json\/wp\/v2\/posts"}],"about":[{"href":"https:\/\/www.abchukuk.com\/index.php\/wp-json\/wp\/v2\/types\/post"}],"author":[{"embeddable":true,"href":"https:\/\/www.abchukuk.com\/index.php\/wp-json\/wp\/v2\/users\/1"}],"replies":[{"embeddable":true,"href":"https:\/\/www.abchukuk.com\/index.php\/wp-json\/wp\/v2\/comments?post=12718"}],"version-history":[{"count":0,"href":"https:\/\/www.abchukuk.com\/index.php\/wp-json\/wp\/v2\/posts\/12718\/revisions"}],"wp:featuredmedia":[{"embeddable":true,"href":"https:\/\/www.abchukuk.com\/index.php\/wp-json\/wp\/v2\/media\/12719"}],"wp:attachment":[{"href":"https:\/\/www.abchukuk.com\/index.php\/wp-json\/wp\/v2\/media?parent=12718"}],"wp:term":[{"taxonomy":"category","embeddable":true,"href":"https:\/\/www.abchukuk.com\/index.php\/wp-json\/wp\/v2\/categories?post=12718"},{"taxonomy":"post_tag","embeddable":true,"href":"https:\/\/www.abchukuk.com\/index.php\/wp-json\/wp\/v2\/tags?post=12718"}],"curies":[{"name":"wp","href":"https:\/\/api.w.org\/{rel}","templated":true}]}}