{"id":12714,"date":"2025-12-02T17:33:08","date_gmt":"2025-12-02T17:33:08","guid":{"rendered":"https:\/\/www.abchukuk.com\/index.php\/2025\/12\/02\/buyukcekmece-adliyesinden-25-kilo-altin-ve-55-kilo-gumus-calindi-hizmetli-yurt-disina-kacti\/"},"modified":"2025-12-02T17:33:08","modified_gmt":"2025-12-02T17:33:08","slug":"buyukcekmece-adliyesinden-25-kilo-altin-ve-55-kilo-gumus-calindi-hizmetli-yurt-disina-kacti","status":"publish","type":"post","link":"https:\/\/www.abchukuk.com\/index.php\/2025\/12\/02\/buyukcekmece-adliyesinden-25-kilo-altin-ve-55-kilo-gumus-calindi-hizmetli-yurt-disina-kacti\/","title":{"rendered":"B\u00fcy\u00fck\u00e7ekmece Adliyesi\u2019nden 25 kilo alt\u0131n ve 55 kilo g\u00fcm\u00fc\u015f \u00e7al\u0131nd\u0131: Hizmetli yurt d\u0131\u015f\u0131na ka\u00e7t\u0131"},"content":{"rendered":"<p>B\u00fcy\u00fck\u00e7ekmece Adliyesi\u2019nde adli emanet kasas\u0131nda bulunan 25 kilogram alt\u0131n ve 55 kilogram g\u00fcm\u00fc\u015f\u00fcn kaybolmas\u0131 \u00fczerine geni\u015f \u00e7apl\u0131 soru\u015fturma ba\u015flat\u0131ld\u0131. Olayda bir memur g\u00f6zalt\u0131na al\u0131n\u0131rken, adliyede g\u00f6revli bir hizmetlinin Londra\u2019ya ka\u00e7t\u0131\u011f\u0131 belirlendi.B\u00fcy\u00fck\u00e7ekmece Adliyesi\u2019nde adli emanet kasas\u0131nda bulunan 25 kilogram alt\u0131n ve 55 kilogram g\u00fcm\u00fc\u015f\u00fcn kaybolmas\u0131 \u00fczerine geni\u015f \u00e7apl\u0131 soru\u015fturma ba\u015flat\u0131ld\u0131. Olayda bir memur g\u00f6zalt\u0131na al\u0131n\u0131rken, adliyede g\u00f6revli bir hizmetlinin Londra\u2019ya ka\u00e7t\u0131\u011f\u0131 belirlendi.\u00a0<a href=\"https:\/\/anlatilaninotesi.com.tr\/20251202\/buyukcekmece-adliyesinden-25-kilo-altin-ve-55-kilo-gumus-calindi-memur-yurt-disina-kacti-1101490925.html\" target=\"_blank\" class=\"feedzy-rss-link-icon\">Read More<\/a><\/p>","protected":false},"excerpt":{"rendered":"<p>B\u00fcy\u00fck\u00e7ekmece Adliyesi\u2019nde adli emanet kasas\u0131nda bulunan 25 kilogram alt\u0131n ve 55 kilogram g\u00fcm\u00fc\u015f\u00fcn kaybolmas\u0131 \u00fczerine geni\u015f \u00e7apl\u0131 soru\u015fturma ba\u015flat\u0131ld\u0131. Olayda bir memur g\u00f6zalt\u0131na al\u0131n\u0131rken, adliyede g\u00f6revli bir hizmetlinin Londra\u2019ya ka\u00e7t\u0131\u011f\u0131 belirlendi.B\u00fcy\u00fck\u00e7ekmece Adliyesi\u2019nde adli emanet kasas\u0131nda bulunan 25 kilogram alt\u0131n ve 55 kilogram g\u00fcm\u00fc\u015f\u00fcn kaybolmas\u0131 \u00fczerine geni\u015f \u00e7apl\u0131 soru\u015fturma ba\u015flat\u0131ld\u0131. Olayda bir memur g\u00f6zalt\u0131na al\u0131n\u0131rken, adliyede [&hellip;]<\/p>\n","protected":false},"author":1,"featured_media":0,"comment_status":"open","ping_status":"open","sticky":false,"template":"","format":"standard","meta":{"footnotes":"","_links_to":"","_links_to_target":""},"categories":[1],"tags":[],"class_list":["post-12714","post","type-post","status-publish","format-standard","hentry","category-haberler"],"_links":{"self":[{"href":"https:\/\/www.abchukuk.com\/index.php\/wp-json\/wp\/v2\/posts\/12714","targetHints":{"allow":["GET"]}}],"collection":[{"href":"https:\/\/www.abchukuk.com\/index.php\/wp-json\/wp\/v2\/posts"}],"about":[{"href":"https:\/\/www.abchukuk.com\/index.php\/wp-json\/wp\/v2\/types\/post"}],"author":[{"embeddable":true,"href":"https:\/\/www.abchukuk.com\/index.php\/wp-json\/wp\/v2\/users\/1"}],"replies":[{"embeddable":true,"href":"https:\/\/www.abchukuk.com\/index.php\/wp-json\/wp\/v2\/comments?post=12714"}],"version-history":[{"count":0,"href":"https:\/\/www.abchukuk.com\/index.php\/wp-json\/wp\/v2\/posts\/12714\/revisions"}],"wp:attachment":[{"href":"https:\/\/www.abchukuk.com\/index.php\/wp-json\/wp\/v2\/media?parent=12714"}],"wp:term":[{"taxonomy":"category","embeddable":true,"href":"https:\/\/www.abchukuk.com\/index.php\/wp-json\/wp\/v2\/categories?post=12714"},{"taxonomy":"post_tag","embeddable":true,"href":"https:\/\/www.abchukuk.com\/index.php\/wp-json\/wp\/v2\/tags?post=12714"}],"curies":[{"name":"wp","href":"https:\/\/api.w.org\/{rel}","templated":true}]}}