{"id":12713,"date":"2025-12-02T18:06:44","date_gmt":"2025-12-02T18:06:44","guid":{"rendered":"https:\/\/www.abchukuk.com\/index.php\/2025\/12\/02\/hskdan-kura-surecinde-yeni-donem-hakim-ve-savci-adaylari-gorev-yerlerine-dogrudan-atandi\/"},"modified":"2025-12-02T18:06:44","modified_gmt":"2025-12-02T18:06:44","slug":"hskdan-kura-surecinde-yeni-donem-hakim-ve-savci-adaylari-gorev-yerlerine-dogrudan-atandi","status":"publish","type":"post","link":"https:\/\/www.abchukuk.com\/index.php\/2025\/12\/02\/hskdan-kura-surecinde-yeni-donem-hakim-ve-savci-adaylari-gorev-yerlerine-dogrudan-atandi\/","title":{"rendered":"HSK\u2019dan kura s\u00fcrecinde yeni d\u00f6nem: h\u00e2kim ve savc\u0131 adaylar\u0131 g\u00f6rev yerlerine do\u011frudan atand\u0131"},"content":{"rendered":"<p>HSK 1. Daire Ba\u015fkan\u0131 Turan Kulo\u011flu, bu y\u0131l ilk kez uygulanan yeni y\u00f6ntemin ayr\u0131nt\u0131lar\u0131n\u0131 payla\u015ft\u0131.<\/p>\n<p>Kulo\u011flu, kura kararnamesi ile yetki kararnamesinin ilk kez tek bir i\u015flemde birle\u015ftirildi\u011fini belirterek, \u201cAdaylar\u0131m\u0131z, kura sonucunda isimlerinin \u00e7\u0131kt\u0131\u011f\u0131 mahkemeye an\u0131nda atanm\u0131\u015f kabul edilmi\u015ftir.\u201d dedi. B\u00f6ylece y\u0131llard\u0131r uygulanan iki a\u015famal\u0131 sistem yerini daha h\u0131zl\u0131 ve sade bir modele b\u0131rakt\u0131.<\/p>\n<p>YEN\u0130 S\u0130STEMLE B\u00dcROKRAS\u0130 AZALDI<br \/>\nKulo\u011flu, yeni uygulamayla atama prosed\u00fcr\u00fcndeki zaman kayb\u0131n\u0131n tamamen ortadan kalkt\u0131\u011f\u0131n\u0131 ifade etti. Kura ile yetki aras\u0131nda olu\u015fan bekleme s\u00fcresinin sona ermesi sayesinde hem adaylar\u0131n hem de te\u015fkilat\u0131n i\u015fleyi\u015fi h\u0131zland\u0131. \u201cBu y\u00f6ntemle karar s\u00fcre\u00e7leri daha net, \u00f6ng\u00f6r\u00fclebilir ve kurumsal bir yap\u0131ya kavu\u015fturulmu\u015ftur.\u201d diyen Kulo\u011flu, d\u00fczenlemenin yarg\u0131 hizmetlerinde verimlilik sa\u011flayaca\u011f\u0131n\u0131 vurgulad\u0131.<\/p>\n<p>S\u0130TEM\u0130N GET\u0130RD\u0130\u011e\u0130 KAZANIMLAR<\/p>\n<p>Kulo\u011flu, Yeni sistemle birlikle, Atama s\u00fcre\u00e7leri daha h\u0131zl\u0131 ve anla\u015f\u0131l\u0131r hale gelece\u011fi, Kura ile yetki aras\u0131nda olu\u015fan bekleme s\u00fcresi ortadan kalkaca\u011f\u0131n\u0131 ve Adalet hizmetlerine g\u00fcveni art\u0131ran, daha kurumsal ve sa\u011flam bir yap\u0131 kurulaca\u011f\u0131n\u0131 belirtti.<\/p>\n<p>UZUN VADEL\u0130 PLANLAMANIN PAR\u00c7ASI<br \/>\nT\u00f6rende yap\u0131lan de\u011ferlendirmelerde, d\u00fczenlemenin yarg\u0131 te\u015fkilat\u0131n\u0131n gelece\u011fine y\u00f6nelik uzun vadeli bir planlaman\u0131n \u00f6nemli bir ad\u0131m\u0131 oldu\u011fu belirtildi. Adaylar\u0131n g\u00f6rev yerlerinin a\u00e7\u0131klanmas\u0131yla t\u00f6ren, yeni meslekta\u015flar\u0131n ba\u015far\u0131 dilekleri e\u015fli\u011finde sona erdi.<\/p>\n<p>1351 HAK\u0130M VE SAVCI ATANDI<br \/>\nKura t\u00f6reni ile toplam 1351 h\u00e2kim ve savc\u0131n\u0131n atand\u0131. Bunun 1204\u2019\u00fc adli yarg\u0131, 147\u2019si idari yarg\u0131 oldu.<\/p>\n<p>Adli yarg\u0131 i\u00e7inde da\u011f\u0131l\u0131m \u015fu \u015fekilde ger\u00e7ekle\u015fti:<br \/>\n\u2022 257 hukuk h\u00e2kimi (%21,3)<br \/>\n\u2022 455 ceza h\u00e2kimi (%37,8)<br \/>\n\u2022 492 Cumhuriyet savc\u0131s\u0131 (%40,9)<\/p>\n<p><a href=\"https:\/\/www.son.tv\/wp-content\/uploads\/2025\/12\/0212202519082084-idari-yargi-kura-kararnamesipdf.pdf\">0212202519082084-idari-yargi-kura-kararnamesipdf<\/a><\/p>\n<p><a href=\"https:\/\/www.son.tv\/wp-content\/uploads\/2025\/12\/0212202519082083-adli-yargi-kura-kararnamesipdf.pdf\">0212202519082083-adli-yargi-kura-kararnamesipdf<\/a><\/p>\n<p>HSK 1. Daire Ba\u015fkan\u0131 Turan Kulo\u011flu, bu y\u0131l ilk kez kura kararnamesi ile yetki kararnamesinin tek i\u015flemde birle\u015ftirildi\u011fini a\u00e7\u0131klad\u0131. Yeni sistemle h\u00e2kim ve savc\u0131 adaylar\u0131, kura sonucunda isimlerinin \u00e7\u0131kt\u0131\u011f\u0131 mahkemeye an\u0131nda atanm\u0131\u015f kabul edildi. B\u00f6ylece hem b\u00fcrokrasi azalt\u0131ld\u0131 hem de kura\u2013yetki aras\u0131ndaki bekleme s\u00fcresi tamamen ortadan kald\u0131r\u0131ld\u0131. Kulo\u011flu, d\u00fczenlemenin atama s\u00fcre\u00e7lerini daha h\u0131zl\u0131, sade, \u00f6ng\u00f6r\u00fclebilir ve kurumsal bir yap\u0131ya kavu\u015fturdu\u011funu belirterek, bunun yarg\u0131 te\u015fkilat\u0131n\u0131n uzun vadeli planlamas\u0131n\u0131n \u00f6nemli bir par\u00e7as\u0131 oldu\u011funu ifade etti. T\u00f6ren, adaylar\u0131n g\u00f6rev yerlerinin a\u00e7\u0131klanmas\u0131 ve ba\u015far\u0131 dilekleriyle tamamland\u0131.\u00a0<a href=\"https:\/\/www.son.tv\/hskdan-kura-surecinde-yeni-donem-hakim-ve-savci-adaylari-gorev-yerlerine-dogrudan-atandi\/\" target=\"_blank\" class=\"feedzy-rss-link-icon\">Read More<\/a><\/p>","protected":false},"excerpt":{"rendered":"<p>HSK 1. Daire Ba\u015fkan\u0131 Turan Kulo\u011flu, bu y\u0131l ilk kez uygulanan yeni y\u00f6ntemin ayr\u0131nt\u0131lar\u0131n\u0131 payla\u015ft\u0131. Kulo\u011flu, kura kararnamesi ile yetki kararnamesinin ilk kez tek bir i\u015flemde birle\u015ftirildi\u011fini belirterek, \u201cAdaylar\u0131m\u0131z, kura sonucunda isimlerinin \u00e7\u0131kt\u0131\u011f\u0131 mahkemeye an\u0131nda atanm\u0131\u015f kabul edilmi\u015ftir.\u201d dedi. B\u00f6ylece y\u0131llard\u0131r uygulanan iki a\u015famal\u0131 sistem yerini daha h\u0131zl\u0131 ve sade bir modele b\u0131rakt\u0131. YEN\u0130 S\u0130STEMLE [&hellip;]<\/p>\n","protected":false},"author":1,"featured_media":0,"comment_status":"open","ping_status":"open","sticky":false,"template":"","format":"standard","meta":{"footnotes":"","_links_to":"","_links_to_target":""},"categories":[1],"tags":[],"class_list":["post-12713","post","type-post","status-publish","format-standard","hentry","category-haberler"],"_links":{"self":[{"href":"https:\/\/www.abchukuk.com\/index.php\/wp-json\/wp\/v2\/posts\/12713","targetHints":{"allow":["GET"]}}],"collection":[{"href":"https:\/\/www.abchukuk.com\/index.php\/wp-json\/wp\/v2\/posts"}],"about":[{"href":"https:\/\/www.abchukuk.com\/index.php\/wp-json\/wp\/v2\/types\/post"}],"author":[{"embeddable":true,"href":"https:\/\/www.abchukuk.com\/index.php\/wp-json\/wp\/v2\/users\/1"}],"replies":[{"embeddable":true,"href":"https:\/\/www.abchukuk.com\/index.php\/wp-json\/wp\/v2\/comments?post=12713"}],"version-history":[{"count":0,"href":"https:\/\/www.abchukuk.com\/index.php\/wp-json\/wp\/v2\/posts\/12713\/revisions"}],"wp:attachment":[{"href":"https:\/\/www.abchukuk.com\/index.php\/wp-json\/wp\/v2\/media?parent=12713"}],"wp:term":[{"taxonomy":"category","embeddable":true,"href":"https:\/\/www.abchukuk.com\/index.php\/wp-json\/wp\/v2\/categories?post=12713"},{"taxonomy":"post_tag","embeddable":true,"href":"https:\/\/www.abchukuk.com\/index.php\/wp-json\/wp\/v2\/tags?post=12713"}],"curies":[{"name":"wp","href":"https:\/\/api.w.org\/{rel}","templated":true}]}}