{"id":12712,"date":"2025-12-02T18:12:57","date_gmt":"2025-12-02T18:12:57","guid":{"rendered":"https:\/\/www.abchukuk.com\/index.php\/2025\/12\/02\/hskdan-yeni-donem-kura-duzenlemesi-buyuksehirlere-mustakil-mahkeme-atamalari-kaldirildi\/"},"modified":"2025-12-02T18:12:57","modified_gmt":"2025-12-02T18:12:57","slug":"hskdan-yeni-donem-kura-duzenlemesi-buyuksehirlere-mustakil-mahkeme-atamalari-kaldirildi","status":"publish","type":"post","link":"https:\/\/www.abchukuk.com\/index.php\/2025\/12\/02\/hskdan-yeni-donem-kura-duzenlemesi-buyuksehirlere-mustakil-mahkeme-atamalari-kaldirildi\/","title":{"rendered":"HSK\u2019dan yeni d\u00f6nem kura d\u00fczenlemesi: B\u00fcy\u00fck\u015fehirlere m\u00fcstakil mahkeme atamalar\u0131 kald\u0131r\u0131ld\u0131"},"content":{"rendered":"<p>Hakimler ve Savc\u0131lar Kurulu (HSK), yeni d\u00f6nem h\u00e2kim ve savc\u0131 kura kararnamesiyle birlikte \u00f6nemli bir de\u011fi\u015fikli\u011fi daha uygulamaya koydu. Buna g\u00f6re, \u0130stanbul, Ankara ve \u0130zmir gibi b\u00fcy\u00fck\u015fehirlere kura yoluyla m\u00fcstakil mahkeme h\u00e2kimli\u011fi atamas\u0131 yap\u0131lmayacak.<\/p>\n<p>SON KURA D\u00d6NEM\u0130NDE DE GE\u00c7ERL\u0130 OLDU<\/p>\n<p>Son kura d\u00f6neminde de bu uygulama ge\u00e7erli oldu; b\u00fcy\u00fck\u015fehirlerdeki m\u00fcstakil mahkemelere kura ile do\u011frudan h\u00e2kim atanmas\u0131na yer verilmedi. Ancak buna kar\u015f\u0131l\u0131k, b\u00fcy\u00fck\u015fehirlere y\u00f6nelik \u00fcyelik ve Cumhuriyet savc\u0131l\u0131\u011f\u0131 atamalar\u0131nda s\u00fcre\u00e7 sadele\u015ftirildi ve daha uygulanabilir bir h\u00e2le getirildi.<\/p>\n<p>TEMEL AMA\u00c7 B\u00dcY\u00dcK\u015eEH\u0130RLERDEK\u0130 \u0130\u015e Y\u00dcK\u00dcN\u00dc PLANLI Y\u00d6NETMEK<\/p>\n<p>HSK kaynaklar\u0131, yeni d\u00fczenlemenin temel amac\u0131n\u0131n \u201cb\u00fcy\u00fck\u015fehirlerdeki i\u015f y\u00fck\u00fcn\u00fc planl\u0131, \u00f6ng\u00f6r\u00fclebilir ve hizmet kapasitesine uygun \u015fekilde y\u00f6netmek\u201d oldu\u011funu belirtiyor. Yetkililer, \u00f6zellikle n\u00fcfusu ve dava yo\u011funlu\u011fu y\u00fcksek \u015fehirlerde, kura yoluyla yap\u0131lan m\u00fcstakil mahkeme atamalar\u0131n\u0131n uzun s\u00fcredir yarg\u0131 y\u00f6netiminde \u00e7e\u015fitli aksakl\u0131klara yol a\u00e7t\u0131\u011f\u0131na dikkat \u00e7ekiyor.<\/p>\n<p>YEN\u0130 MODEL\u0130N MAHKEMELER\u0130N \u0130\u015eLEY\u0130\u015e\u0130NE OLUMLU KATKI SA\u011eLAMASI BEKLEN\u0130YOR<\/p>\n<p>Kurul, bundan sonraki kura d\u00f6nemlerinde de b\u00fcy\u00fck\u015fehirlere y\u00f6nelik m\u00fcstakil mahkeme atamalar\u0131n\u0131n tamamen kald\u0131r\u0131laca\u011f\u0131n\u0131 ve bu y\u00f6nteme kesin olarak son verilece\u011fini a\u00e7\u0131klad\u0131. B\u00f6ylece b\u00fcy\u00fck\u015fehirlerdeki atama sistemi, ihtiyaca g\u00f6re planlanan \u00fcyelik ve savc\u0131l\u0131k pozisyonlar\u0131 \u00fczerinden y\u00fcr\u00fct\u00fclecek. Yeni d\u00fczenlemenin, yarg\u0131 te\u015fkilat\u0131n\u0131n personel planlamas\u0131nda daha rasyonel bir model olu\u015fturmas\u0131 ve mahkemelerin i\u015fleyi\u015fine olumlu katk\u0131 sa\u011flamas\u0131 bekleniyor.<\/p>\n<p>HSK, \u0130stanbul, Ankara ve \u0130zmir\u2019de m\u00fcstakil mahkeme h\u00e2kimli\u011fi i\u00e7in kura yoluyla atamay\u0131 kald\u0131rd\u0131. Art\u0131k b\u00fcy\u00fck\u015fehirlerde sadece \u00fcyelik ve Cumhuriyet savc\u0131l\u0131\u011f\u0131 atamalar\u0131 yap\u0131lacak. D\u00fczenleme, yarg\u0131 i\u015f y\u00fck\u00fcn\u00fc planl\u0131 ve verimli y\u00f6netmeyi ama\u00e7l\u0131yor.\u00a0<a href=\"https:\/\/www.son.tv\/hskdan-yeni-donem-kura-duzenlemesi-buyuksehirlere-mustakil-mahkeme-atamalari-kaldirildi\/\" target=\"_blank\" class=\"feedzy-rss-link-icon\">Read More<\/a><\/p>","protected":false},"excerpt":{"rendered":"<p>Hakimler ve Savc\u0131lar Kurulu (HSK), yeni d\u00f6nem h\u00e2kim ve savc\u0131 kura kararnamesiyle birlikte \u00f6nemli bir de\u011fi\u015fikli\u011fi daha uygulamaya koydu. Buna g\u00f6re, \u0130stanbul, Ankara ve \u0130zmir gibi b\u00fcy\u00fck\u015fehirlere kura yoluyla m\u00fcstakil mahkeme h\u00e2kimli\u011fi atamas\u0131 yap\u0131lmayacak. SON KURA D\u00d6NEM\u0130NDE DE GE\u00c7ERL\u0130 OLDU Son kura d\u00f6neminde de bu uygulama ge\u00e7erli oldu; b\u00fcy\u00fck\u015fehirlerdeki m\u00fcstakil mahkemelere kura ile do\u011frudan h\u00e2kim [&hellip;]<\/p>\n","protected":false},"author":1,"featured_media":0,"comment_status":"open","ping_status":"open","sticky":false,"template":"","format":"standard","meta":{"footnotes":"","_links_to":"","_links_to_target":""},"categories":[1],"tags":[],"class_list":["post-12712","post","type-post","status-publish","format-standard","hentry","category-haberler"],"_links":{"self":[{"href":"https:\/\/www.abchukuk.com\/index.php\/wp-json\/wp\/v2\/posts\/12712","targetHints":{"allow":["GET"]}}],"collection":[{"href":"https:\/\/www.abchukuk.com\/index.php\/wp-json\/wp\/v2\/posts"}],"about":[{"href":"https:\/\/www.abchukuk.com\/index.php\/wp-json\/wp\/v2\/types\/post"}],"author":[{"embeddable":true,"href":"https:\/\/www.abchukuk.com\/index.php\/wp-json\/wp\/v2\/users\/1"}],"replies":[{"embeddable":true,"href":"https:\/\/www.abchukuk.com\/index.php\/wp-json\/wp\/v2\/comments?post=12712"}],"version-history":[{"count":0,"href":"https:\/\/www.abchukuk.com\/index.php\/wp-json\/wp\/v2\/posts\/12712\/revisions"}],"wp:attachment":[{"href":"https:\/\/www.abchukuk.com\/index.php\/wp-json\/wp\/v2\/media?parent=12712"}],"wp:term":[{"taxonomy":"category","embeddable":true,"href":"https:\/\/www.abchukuk.com\/index.php\/wp-json\/wp\/v2\/categories?post=12712"},{"taxonomy":"post_tag","embeddable":true,"href":"https:\/\/www.abchukuk.com\/index.php\/wp-json\/wp\/v2\/tags?post=12712"}],"curies":[{"name":"wp","href":"https:\/\/api.w.org\/{rel}","templated":true}]}}