{"id":12711,"date":"2025-12-02T15:08:21","date_gmt":"2025-12-02T15:08:21","guid":{"rendered":"https:\/\/www.abchukuk.com\/index.php\/2025\/12\/02\/201-gun-sonra-mahkemeye-cikarildi-gazeteci-furkan-karabay-icin-tahliye-karari\/"},"modified":"2025-12-02T15:08:21","modified_gmt":"2025-12-02T15:08:21","slug":"201-gun-sonra-mahkemeye-cikarildi-gazeteci-furkan-karabay-icin-tahliye-karari","status":"publish","type":"post","link":"https:\/\/www.abchukuk.com\/index.php\/2025\/12\/02\/201-gun-sonra-mahkemeye-cikarildi-gazeteci-furkan-karabay-icin-tahliye-karari\/","title":{"rendered":"201 g\u00fcn sonra mahkemeye \u00e7\u0131kar\u0131ld\u0131: Gazeteci Furkan Karabay i\u00e7in tahliye karar\u0131"},"content":{"rendered":"<p>Karabay mahkemede &#8221;T\u00fcrkiye\u2019deki usuls\u00fcz, hukuksuz t\u00fcm yarg\u0131 kararlar\u0131n\u0131 protesto ediyorum,&#8221; diyerek elindeki iddianameyi y\u0131rtt\u0131.Karabay mahkemede &#8221;T\u00fcrkiye\u2019deki usuls\u00fcz, hukuksuz t\u00fcm yarg\u0131 kararlar\u0131n\u0131 protesto ediyorum,&#8221; diyerek elindeki iddianameyi y\u0131rtt\u0131.\u00a0<a href=\"http:\/\/tr.euronews.com\/2025\/12\/02\/201-gun-sonra-mahkemeye-cikarildi-gazeteci-furkan-karabay-icin-tahliye-karari\" target=\"_blank\" class=\"feedzy-rss-link-icon\">Read More<\/a><\/p>","protected":false},"excerpt":{"rendered":"<p>Karabay mahkemede &#8221;T\u00fcrkiye\u2019deki usuls\u00fcz, hukuksuz t\u00fcm yarg\u0131 kararlar\u0131n\u0131 protesto ediyorum,&#8221; diyerek elindeki iddianameyi y\u0131rtt\u0131.Karabay mahkemede &#8221;T\u00fcrkiye\u2019deki usuls\u00fcz, hukuksuz t\u00fcm yarg\u0131 kararlar\u0131n\u0131 protesto ediyorum,&#8221; diyerek elindeki iddianameyi y\u0131rtt\u0131.\u00a0Read More<\/p>\n","protected":false},"author":1,"featured_media":0,"comment_status":"open","ping_status":"open","sticky":false,"template":"","format":"standard","meta":{"footnotes":"","_links_to":"","_links_to_target":""},"categories":[1],"tags":[],"class_list":["post-12711","post","type-post","status-publish","format-standard","hentry","category-haberler"],"_links":{"self":[{"href":"https:\/\/www.abchukuk.com\/index.php\/wp-json\/wp\/v2\/posts\/12711","targetHints":{"allow":["GET"]}}],"collection":[{"href":"https:\/\/www.abchukuk.com\/index.php\/wp-json\/wp\/v2\/posts"}],"about":[{"href":"https:\/\/www.abchukuk.com\/index.php\/wp-json\/wp\/v2\/types\/post"}],"author":[{"embeddable":true,"href":"https:\/\/www.abchukuk.com\/index.php\/wp-json\/wp\/v2\/users\/1"}],"replies":[{"embeddable":true,"href":"https:\/\/www.abchukuk.com\/index.php\/wp-json\/wp\/v2\/comments?post=12711"}],"version-history":[{"count":0,"href":"https:\/\/www.abchukuk.com\/index.php\/wp-json\/wp\/v2\/posts\/12711\/revisions"}],"wp:attachment":[{"href":"https:\/\/www.abchukuk.com\/index.php\/wp-json\/wp\/v2\/media?parent=12711"}],"wp:term":[{"taxonomy":"category","embeddable":true,"href":"https:\/\/www.abchukuk.com\/index.php\/wp-json\/wp\/v2\/categories?post=12711"},{"taxonomy":"post_tag","embeddable":true,"href":"https:\/\/www.abchukuk.com\/index.php\/wp-json\/wp\/v2\/tags?post=12711"}],"curies":[{"name":"wp","href":"https:\/\/api.w.org\/{rel}","templated":true}]}}