{"id":12710,"date":"2025-12-02T15:10:11","date_gmt":"2025-12-02T15:10:11","guid":{"rendered":"https:\/\/www.abchukuk.com\/index.php\/2025\/12\/02\/almanya-savas-sucu-sanigi-libyali-bir-kisiyi-yargilanmak-uzere-uluslararasi-ceza-mahkemesine-gonderdi\/"},"modified":"2025-12-02T15:10:11","modified_gmt":"2025-12-02T15:10:11","slug":"almanya-savas-sucu-sanigi-libyali-bir-kisiyi-yargilanmak-uzere-uluslararasi-ceza-mahkemesine-gonderdi","status":"publish","type":"post","link":"https:\/\/www.abchukuk.com\/index.php\/2025\/12\/02\/almanya-savas-sucu-sanigi-libyali-bir-kisiyi-yargilanmak-uzere-uluslararasi-ceza-mahkemesine-gonderdi\/","title":{"rendered":"Almanya, sava\u015f su\u00e7u san\u0131\u011f\u0131 Libyal\u0131 bir ki\u015fiyi yarg\u0131lanmak \u00fczere Uluslararas\u0131 Ceza Mahkemesi\u2019ne g\u00f6nderdi"},"content":{"rendered":"<p>Halid Muhammed Ali el-Hi\u015fri, Libya\u2019daki bir cezaevinde cinayet, i\u015fkence ve tecav\u00fcz de dahil olmak \u00fczere sava\u015f su\u00e7lar\u0131 ve insanl\u0131\u011fa kar\u015f\u0131 su\u00e7lar i\u015flemekle su\u00e7lan\u0131yor.Halid Muhammed Ali el-Hi\u015fri, Libya\u2019daki bir cezaevinde cinayet, i\u015fkence ve tecav\u00fcz de dahil olmak \u00fczere sava\u015f su\u00e7lar\u0131 ve insanl\u0131\u011fa kar\u015f\u0131 su\u00e7lar i\u015flemekle su\u00e7lan\u0131yor.\u00a0<a href=\"http:\/\/tr.euronews.com\/2025\/12\/02\/almanya-savas-sucu-sanigi-libyali-bir-kisiyi-yargilanmak-uzere-uluslararasi-ceza-mahkemesi\" target=\"_blank\" class=\"feedzy-rss-link-icon\">Read More<\/a><\/p>","protected":false},"excerpt":{"rendered":"<p>Halid Muhammed Ali el-Hi\u015fri, Libya\u2019daki bir cezaevinde cinayet, i\u015fkence ve tecav\u00fcz de dahil olmak \u00fczere sava\u015f su\u00e7lar\u0131 ve insanl\u0131\u011fa kar\u015f\u0131 su\u00e7lar i\u015flemekle su\u00e7lan\u0131yor.Halid Muhammed Ali el-Hi\u015fri, Libya\u2019daki bir cezaevinde cinayet, i\u015fkence ve tecav\u00fcz de dahil olmak \u00fczere sava\u015f su\u00e7lar\u0131 ve insanl\u0131\u011fa kar\u015f\u0131 su\u00e7lar i\u015flemekle su\u00e7lan\u0131yor.\u00a0Read More<\/p>\n","protected":false},"author":1,"featured_media":0,"comment_status":"open","ping_status":"open","sticky":false,"template":"","format":"standard","meta":{"footnotes":"","_links_to":"","_links_to_target":""},"categories":[1],"tags":[],"class_list":["post-12710","post","type-post","status-publish","format-standard","hentry","category-haberler"],"_links":{"self":[{"href":"https:\/\/www.abchukuk.com\/index.php\/wp-json\/wp\/v2\/posts\/12710","targetHints":{"allow":["GET"]}}],"collection":[{"href":"https:\/\/www.abchukuk.com\/index.php\/wp-json\/wp\/v2\/posts"}],"about":[{"href":"https:\/\/www.abchukuk.com\/index.php\/wp-json\/wp\/v2\/types\/post"}],"author":[{"embeddable":true,"href":"https:\/\/www.abchukuk.com\/index.php\/wp-json\/wp\/v2\/users\/1"}],"replies":[{"embeddable":true,"href":"https:\/\/www.abchukuk.com\/index.php\/wp-json\/wp\/v2\/comments?post=12710"}],"version-history":[{"count":0,"href":"https:\/\/www.abchukuk.com\/index.php\/wp-json\/wp\/v2\/posts\/12710\/revisions"}],"wp:attachment":[{"href":"https:\/\/www.abchukuk.com\/index.php\/wp-json\/wp\/v2\/media?parent=12710"}],"wp:term":[{"taxonomy":"category","embeddable":true,"href":"https:\/\/www.abchukuk.com\/index.php\/wp-json\/wp\/v2\/categories?post=12710"},{"taxonomy":"post_tag","embeddable":true,"href":"https:\/\/www.abchukuk.com\/index.php\/wp-json\/wp\/v2\/tags?post=12710"}],"curies":[{"name":"wp","href":"https:\/\/api.w.org\/{rel}","templated":true}]}}