{"id":12709,"date":"2025-12-02T16:12:34","date_gmt":"2025-12-02T16:12:34","guid":{"rendered":"https:\/\/www.abchukuk.com\/index.php\/2025\/12\/02\/emekli-bassavci-mehmet-demir-anadolu-cocuguyum-karsiligini-alirsin\/"},"modified":"2025-12-02T16:12:34","modified_gmt":"2025-12-02T16:12:34","slug":"emekli-bassavci-mehmet-demir-anadolu-cocuguyum-karsiligini-alirsin","status":"publish","type":"post","link":"https:\/\/www.abchukuk.com\/index.php\/2025\/12\/02\/emekli-bassavci-mehmet-demir-anadolu-cocuguyum-karsiligini-alirsin\/","title":{"rendered":"Emekli Ba\u015fsavc\u0131 Mehmet Demir: Anadolu \u00e7ocu\u011fuyum kar\u015f\u0131l\u0131\u011f\u0131n\u0131 al\u0131rs\u0131n"},"content":{"rendered":"<p>Mustafa Ho\u015f&#8217;la Yol Arkada\u015f\u0131&#8217;n\u0131n bug\u00fcnk\u00fc konuklar\u0131 Manisa\u2019n\u0131n Turgutlu il\u00e7esinde okul m\u00fcd\u00fcr\u00fc taraf\u0131ndan darp edilen otizmli bireyin annesi Derya Yavuz ve bir canl\u0131 yay\u0131nda gazeteci ile girdi\u011fi diyalogla g\u00fcndeme gelen Emekli Ba\u015fsavc\u0131 Mehmet Demir oldu.Mustafa Ho\u015f&#8217;la Yol Arkada\u015f\u0131&#8217;n\u0131n bug\u00fcnk\u00fc konuklar\u0131 Manisa\u2019n\u0131n Turgutlu il\u00e7esinde okul m\u00fcd\u00fcr\u00fc taraf\u0131ndan darp edilen otizmli bireyin annesi Derya Yavuz ve bir canl\u0131 yay\u0131nda gazeteci ile girdi\u011fi diyalogla g\u00fcndeme gelen Emekli Ba\u015fsavc\u0131 Mehmet Demir oldu.\u00a0<a href=\"https:\/\/anlatilaninotesi.com.tr\/20251202\/emekli-bassavci-mehmet-demir-anadolu-cocuguyum-karsiligini-alirsin-1101488874.html\" target=\"_blank\" class=\"feedzy-rss-link-icon\">Read More<\/a><\/p>","protected":false},"excerpt":{"rendered":"<p>Mustafa Ho\u015f&#8217;la Yol Arkada\u015f\u0131&#8217;n\u0131n bug\u00fcnk\u00fc konuklar\u0131 Manisa\u2019n\u0131n Turgutlu il\u00e7esinde okul m\u00fcd\u00fcr\u00fc taraf\u0131ndan darp edilen otizmli bireyin annesi Derya Yavuz ve bir canl\u0131 yay\u0131nda gazeteci ile girdi\u011fi diyalogla g\u00fcndeme gelen Emekli Ba\u015fsavc\u0131 Mehmet Demir oldu.Mustafa Ho\u015f&#8217;la Yol Arkada\u015f\u0131&#8217;n\u0131n bug\u00fcnk\u00fc konuklar\u0131 Manisa\u2019n\u0131n Turgutlu il\u00e7esinde okul m\u00fcd\u00fcr\u00fc taraf\u0131ndan darp edilen otizmli bireyin annesi Derya Yavuz ve bir canl\u0131 [&hellip;]<\/p>\n","protected":false},"author":1,"featured_media":0,"comment_status":"open","ping_status":"open","sticky":false,"template":"","format":"standard","meta":{"footnotes":"","_links_to":"","_links_to_target":""},"categories":[1],"tags":[],"class_list":["post-12709","post","type-post","status-publish","format-standard","hentry","category-haberler"],"_links":{"self":[{"href":"https:\/\/www.abchukuk.com\/index.php\/wp-json\/wp\/v2\/posts\/12709","targetHints":{"allow":["GET"]}}],"collection":[{"href":"https:\/\/www.abchukuk.com\/index.php\/wp-json\/wp\/v2\/posts"}],"about":[{"href":"https:\/\/www.abchukuk.com\/index.php\/wp-json\/wp\/v2\/types\/post"}],"author":[{"embeddable":true,"href":"https:\/\/www.abchukuk.com\/index.php\/wp-json\/wp\/v2\/users\/1"}],"replies":[{"embeddable":true,"href":"https:\/\/www.abchukuk.com\/index.php\/wp-json\/wp\/v2\/comments?post=12709"}],"version-history":[{"count":0,"href":"https:\/\/www.abchukuk.com\/index.php\/wp-json\/wp\/v2\/posts\/12709\/revisions"}],"wp:attachment":[{"href":"https:\/\/www.abchukuk.com\/index.php\/wp-json\/wp\/v2\/media?parent=12709"}],"wp:term":[{"taxonomy":"category","embeddable":true,"href":"https:\/\/www.abchukuk.com\/index.php\/wp-json\/wp\/v2\/categories?post=12709"},{"taxonomy":"post_tag","embeddable":true,"href":"https:\/\/www.abchukuk.com\/index.php\/wp-json\/wp\/v2\/tags?post=12709"}],"curies":[{"name":"wp","href":"https:\/\/api.w.org\/{rel}","templated":true}]}}