{"id":12705,"date":"2025-12-02T14:14:00","date_gmt":"2025-12-02T14:14:00","guid":{"rendered":"https:\/\/www.abchukuk.com\/index.php\/2025\/12\/02\/anadolu-adliyesi-onunde-durusma-sonrasi-tekmeli-yumruklu-kavga\/"},"modified":"2025-12-02T14:14:00","modified_gmt":"2025-12-02T14:14:00","slug":"anadolu-adliyesi-onunde-durusma-sonrasi-tekmeli-yumruklu-kavga","status":"publish","type":"post","link":"https:\/\/www.abchukuk.com\/index.php\/2025\/12\/02\/anadolu-adliyesi-onunde-durusma-sonrasi-tekmeli-yumruklu-kavga\/","title":{"rendered":"Anadolu Adliyesi \u00f6n\u00fcnde duru\u015fma sonras\u0131 tekmeli yumruklu kavga"},"content":{"rendered":"<p>Kartal&#8217;daki Anadolu Adalet Saray\u0131\u2019nda g\u00f6r\u00fclen bir duru\u015fman\u0131n ard\u0131ndan 2 aile aras\u0131nda kavga \u00e7\u0131kt\u0131.Taraflar\u0131n birbirlerine tekme ve yumruklarla sald\u0131rd\u0131\u011f\u0131, baz\u0131lar\u0131n\u0131n yerde s\u00fcr\u00fcklendi\u011fi kavgay\u0131 kad\u0131nlar ay\u0131rmaya \u00e7al\u0131\u015ft\u0131. O anlar cep telefonu kameras\u0131yla kaydedildi.Kartal&#8217;daki Anadolu Adalet Saray\u0131\u2019nda g\u00f6r\u00fclen bir duru\u015fman\u0131n ard\u0131ndan 2 aile aras\u0131nda kavga \u00e7\u0131kt\u0131.Taraflar\u0131n birbirlerine tekme ve yumruklarla sald\u0131rd\u0131\u011f\u0131, baz\u0131lar\u0131n\u0131n yerde s\u00fcr\u00fcklendi\u011fi kavgay\u0131 kad\u0131nlar ay\u0131rmaya \u00e7al\u0131\u015ft\u0131. O anlar cep telefonu kameras\u0131yla kaydedildi.\u00a0<a href=\"https:\/\/www.cumhuriyet.com.tr\/turkiye\/anadolu-adliyesi-onunde-durusma-sonrasi-tekmeli-yumruklu-kavga-2457910\" target=\"_blank\" class=\"feedzy-rss-link-icon\">Read More<\/a><\/p>","protected":false},"excerpt":{"rendered":"<p>Kartal&#8217;daki Anadolu Adalet Saray\u0131\u2019nda g\u00f6r\u00fclen bir duru\u015fman\u0131n ard\u0131ndan 2 aile aras\u0131nda kavga \u00e7\u0131kt\u0131.Taraflar\u0131n birbirlerine tekme ve yumruklarla sald\u0131rd\u0131\u011f\u0131, baz\u0131lar\u0131n\u0131n yerde s\u00fcr\u00fcklendi\u011fi kavgay\u0131 kad\u0131nlar ay\u0131rmaya \u00e7al\u0131\u015ft\u0131. O anlar cep telefonu kameras\u0131yla kaydedildi.Kartal&#8217;daki Anadolu Adalet Saray\u0131\u2019nda g\u00f6r\u00fclen bir duru\u015fman\u0131n ard\u0131ndan 2 aile aras\u0131nda kavga \u00e7\u0131kt\u0131.Taraflar\u0131n birbirlerine tekme ve yumruklarla sald\u0131rd\u0131\u011f\u0131, baz\u0131lar\u0131n\u0131n yerde s\u00fcr\u00fcklendi\u011fi kavgay\u0131 kad\u0131nlar ay\u0131rmaya \u00e7al\u0131\u015ft\u0131. [&hellip;]<\/p>\n","protected":false},"author":1,"featured_media":12706,"comment_status":"open","ping_status":"open","sticky":false,"template":"","format":"standard","meta":{"footnotes":"","_links_to":"","_links_to_target":""},"categories":[1],"tags":[],"class_list":["post-12705","post","type-post","status-publish","format-standard","has-post-thumbnail","hentry","category-haberler"],"_links":{"self":[{"href":"https:\/\/www.abchukuk.com\/index.php\/wp-json\/wp\/v2\/posts\/12705","targetHints":{"allow":["GET"]}}],"collection":[{"href":"https:\/\/www.abchukuk.com\/index.php\/wp-json\/wp\/v2\/posts"}],"about":[{"href":"https:\/\/www.abchukuk.com\/index.php\/wp-json\/wp\/v2\/types\/post"}],"author":[{"embeddable":true,"href":"https:\/\/www.abchukuk.com\/index.php\/wp-json\/wp\/v2\/users\/1"}],"replies":[{"embeddable":true,"href":"https:\/\/www.abchukuk.com\/index.php\/wp-json\/wp\/v2\/comments?post=12705"}],"version-history":[{"count":0,"href":"https:\/\/www.abchukuk.com\/index.php\/wp-json\/wp\/v2\/posts\/12705\/revisions"}],"wp:featuredmedia":[{"embeddable":true,"href":"https:\/\/www.abchukuk.com\/index.php\/wp-json\/wp\/v2\/media\/12706"}],"wp:attachment":[{"href":"https:\/\/www.abchukuk.com\/index.php\/wp-json\/wp\/v2\/media?parent=12705"}],"wp:term":[{"taxonomy":"category","embeddable":true,"href":"https:\/\/www.abchukuk.com\/index.php\/wp-json\/wp\/v2\/categories?post=12705"},{"taxonomy":"post_tag","embeddable":true,"href":"https:\/\/www.abchukuk.com\/index.php\/wp-json\/wp\/v2\/tags?post=12705"}],"curies":[{"name":"wp","href":"https:\/\/api.w.org\/{rel}","templated":true}]}}