{"id":12701,"date":"2025-12-02T14:43:00","date_gmt":"2025-12-02T14:43:00","guid":{"rendered":"https:\/\/www.abchukuk.com\/index.php\/2025\/12\/02\/son-dakika-yusuf-tekini-protesto-eden-tipli-17-ogrenci-gozaltina-alindi\/"},"modified":"2025-12-02T14:43:00","modified_gmt":"2025-12-02T14:43:00","slug":"son-dakika-yusuf-tekini-protesto-eden-tipli-17-ogrenci-gozaltina-alindi","status":"publish","type":"post","link":"https:\/\/www.abchukuk.com\/index.php\/2025\/12\/02\/son-dakika-yusuf-tekini-protesto-eden-tipli-17-ogrenci-gozaltina-alindi\/","title":{"rendered":"Son dakika&#8230; Yusuf Tekin&#8217;i protesto eden T\u0130P&#8217;li 17 \u00f6\u011frenci g\u00f6zalt\u0131na al\u0131nd\u0131!"},"content":{"rendered":"<p>T\u0130P, Milli E\u011fitim Bakan\u0131 Yusuf Tekin\u2019in kat\u0131ld\u0131\u011f\u0131 zirvede MESEM uygulamas\u0131n\u0131 protesto eden 17 \u00f6\u011frencinin g\u00f6zalt\u0131na al\u0131nd\u0131\u011f\u0131n\u0131 duyurdu, gen\u00e7lerin derhal serbest b\u0131rak\u0131lmas\u0131n\u0131 istedi.T\u0130P, Milli E\u011fitim Bakan\u0131 Yusuf Tekin\u2019in kat\u0131ld\u0131\u011f\u0131 zirvede MESEM uygulamas\u0131n\u0131 protesto eden 17 \u00f6\u011frencinin g\u00f6zalt\u0131na al\u0131nd\u0131\u011f\u0131n\u0131 duyurdu, gen\u00e7lerin derhal serbest b\u0131rak\u0131lmas\u0131n\u0131 istedi.\u00a0<a href=\"https:\/\/www.cumhuriyet.com.tr\/turkiye\/son-dakika-yusuf-tekin-i-protesto-eden-tip-li-17-ogrenci-gozaltina-alindi-2457921\" target=\"_blank\" class=\"feedzy-rss-link-icon\">Read More<\/a><\/p>","protected":false},"excerpt":{"rendered":"<p>T\u0130P, Milli E\u011fitim Bakan\u0131 Yusuf Tekin\u2019in kat\u0131ld\u0131\u011f\u0131 zirvede MESEM uygulamas\u0131n\u0131 protesto eden 17 \u00f6\u011frencinin g\u00f6zalt\u0131na al\u0131nd\u0131\u011f\u0131n\u0131 duyurdu, gen\u00e7lerin derhal serbest b\u0131rak\u0131lmas\u0131n\u0131 istedi.T\u0130P, Milli E\u011fitim Bakan\u0131 Yusuf Tekin\u2019in kat\u0131ld\u0131\u011f\u0131 zirvede MESEM uygulamas\u0131n\u0131 protesto eden 17 \u00f6\u011frencinin g\u00f6zalt\u0131na al\u0131nd\u0131\u011f\u0131n\u0131 duyurdu, gen\u00e7lerin derhal serbest b\u0131rak\u0131lmas\u0131n\u0131 istedi.\u00a0Read More<\/p>\n","protected":false},"author":1,"featured_media":12702,"comment_status":"open","ping_status":"open","sticky":false,"template":"","format":"standard","meta":{"footnotes":"","_links_to":"","_links_to_target":""},"categories":[1],"tags":[],"class_list":["post-12701","post","type-post","status-publish","format-standard","has-post-thumbnail","hentry","category-haberler"],"_links":{"self":[{"href":"https:\/\/www.abchukuk.com\/index.php\/wp-json\/wp\/v2\/posts\/12701","targetHints":{"allow":["GET"]}}],"collection":[{"href":"https:\/\/www.abchukuk.com\/index.php\/wp-json\/wp\/v2\/posts"}],"about":[{"href":"https:\/\/www.abchukuk.com\/index.php\/wp-json\/wp\/v2\/types\/post"}],"author":[{"embeddable":true,"href":"https:\/\/www.abchukuk.com\/index.php\/wp-json\/wp\/v2\/users\/1"}],"replies":[{"embeddable":true,"href":"https:\/\/www.abchukuk.com\/index.php\/wp-json\/wp\/v2\/comments?post=12701"}],"version-history":[{"count":0,"href":"https:\/\/www.abchukuk.com\/index.php\/wp-json\/wp\/v2\/posts\/12701\/revisions"}],"wp:featuredmedia":[{"embeddable":true,"href":"https:\/\/www.abchukuk.com\/index.php\/wp-json\/wp\/v2\/media\/12702"}],"wp:attachment":[{"href":"https:\/\/www.abchukuk.com\/index.php\/wp-json\/wp\/v2\/media?parent=12701"}],"wp:term":[{"taxonomy":"category","embeddable":true,"href":"https:\/\/www.abchukuk.com\/index.php\/wp-json\/wp\/v2\/categories?post=12701"},{"taxonomy":"post_tag","embeddable":true,"href":"https:\/\/www.abchukuk.com\/index.php\/wp-json\/wp\/v2\/tags?post=12701"}],"curies":[{"name":"wp","href":"https:\/\/api.w.org\/{rel}","templated":true}]}}