{"id":12698,"date":"2025-12-02T14:50:00","date_gmt":"2025-12-02T14:50:00","guid":{"rendered":"https:\/\/www.abchukuk.com\/index.php\/2025\/12\/02\/savcilik-gazeteci-furkan-karabayin-tahliyesine-itiraz-etti\/"},"modified":"2025-12-02T14:50:00","modified_gmt":"2025-12-02T14:50:00","slug":"savcilik-gazeteci-furkan-karabayin-tahliyesine-itiraz-etti","status":"publish","type":"post","link":"https:\/\/www.abchukuk.com\/index.php\/2025\/12\/02\/savcilik-gazeteci-furkan-karabayin-tahliyesine-itiraz-etti\/","title":{"rendered":"Savc\u0131l\u0131k, gazeteci Furkan Karabay&#8217;\u0131n tahliyesine itiraz etti!"},"content":{"rendered":"<p>Son dakika haberi&#8230; Savc\u0131l\u0131k, 201 g\u00fcn tutuklu kalan gazeteci Furkan Karabay hakk\u0131nda verilen tahliye karar\u0131na itiraz etti.Son dakika haberi&#8230; Savc\u0131l\u0131k, 201 g\u00fcn tutuklu kalan gazeteci Furkan Karabay hakk\u0131nda verilen tahliye karar\u0131na itiraz etti.\u00a0<a href=\"https:\/\/www.cumhuriyet.com.tr\/turkiye\/savcilik-gazeteci-furkan-karabay-in-tahliyesine-itiraz-etti-2457924\" target=\"_blank\" class=\"feedzy-rss-link-icon\">Read More<\/a><\/p>","protected":false},"excerpt":{"rendered":"<p>Son dakika haberi&#8230; Savc\u0131l\u0131k, 201 g\u00fcn tutuklu kalan gazeteci Furkan Karabay hakk\u0131nda verilen tahliye karar\u0131na itiraz etti.Son dakika haberi&#8230; Savc\u0131l\u0131k, 201 g\u00fcn tutuklu kalan gazeteci Furkan Karabay hakk\u0131nda verilen tahliye karar\u0131na itiraz etti.\u00a0Read More<\/p>\n","protected":false},"author":1,"featured_media":12699,"comment_status":"open","ping_status":"open","sticky":false,"template":"","format":"standard","meta":{"footnotes":"","_links_to":"","_links_to_target":""},"categories":[1],"tags":[],"class_list":["post-12698","post","type-post","status-publish","format-standard","has-post-thumbnail","hentry","category-haberler"],"_links":{"self":[{"href":"https:\/\/www.abchukuk.com\/index.php\/wp-json\/wp\/v2\/posts\/12698","targetHints":{"allow":["GET"]}}],"collection":[{"href":"https:\/\/www.abchukuk.com\/index.php\/wp-json\/wp\/v2\/posts"}],"about":[{"href":"https:\/\/www.abchukuk.com\/index.php\/wp-json\/wp\/v2\/types\/post"}],"author":[{"embeddable":true,"href":"https:\/\/www.abchukuk.com\/index.php\/wp-json\/wp\/v2\/users\/1"}],"replies":[{"embeddable":true,"href":"https:\/\/www.abchukuk.com\/index.php\/wp-json\/wp\/v2\/comments?post=12698"}],"version-history":[{"count":0,"href":"https:\/\/www.abchukuk.com\/index.php\/wp-json\/wp\/v2\/posts\/12698\/revisions"}],"wp:featuredmedia":[{"embeddable":true,"href":"https:\/\/www.abchukuk.com\/index.php\/wp-json\/wp\/v2\/media\/12699"}],"wp:attachment":[{"href":"https:\/\/www.abchukuk.com\/index.php\/wp-json\/wp\/v2\/media?parent=12698"}],"wp:term":[{"taxonomy":"category","embeddable":true,"href":"https:\/\/www.abchukuk.com\/index.php\/wp-json\/wp\/v2\/categories?post=12698"},{"taxonomy":"post_tag","embeddable":true,"href":"https:\/\/www.abchukuk.com\/index.php\/wp-json\/wp\/v2\/tags?post=12698"}],"curies":[{"name":"wp","href":"https:\/\/api.w.org\/{rel}","templated":true}]}}