{"id":12680,"date":"2025-12-02T12:47:00","date_gmt":"2025-12-02T12:47:00","guid":{"rendered":"https:\/\/www.abchukuk.com\/index.php\/2025\/12\/02\/bahceli-de-erdogan-da-yesil-isik-yakmisti-chp-imamoglunun-durusmalari-trtde-yayinlansin-teklifini-bugun-meclise-sunacak\/"},"modified":"2025-12-02T12:47:00","modified_gmt":"2025-12-02T12:47:00","slug":"bahceli-de-erdogan-da-yesil-isik-yakmisti-chp-imamoglunun-durusmalari-trtde-yayinlansin-teklifini-bugun-meclise-sunacak","status":"publish","type":"post","link":"https:\/\/www.abchukuk.com\/index.php\/2025\/12\/02\/bahceli-de-erdogan-da-yesil-isik-yakmisti-chp-imamoglunun-durusmalari-trtde-yayinlansin-teklifini-bugun-meclise-sunacak\/","title":{"rendered":"Bah\u00e7eli de, Erdo\u011fan da ye\u015fil \u0131\u015f\u0131k yakm\u0131\u015ft\u0131&#8230; CHP, &#8216;\u0130mamo\u011flu&#8217;nun duru\u015fmalar\u0131 TRT&#8217;de yay\u0131nlans\u0131n&#8217; teklifini bug\u00fcn Meclis&#8217;e sunacak"},"content":{"rendered":"<p>CHP Grup Ba\u015fkanvekili Ali Mahir Ba\u015far\u0131r, \u0130BB davas\u0131 ba\u015fta olmak \u00fczere siyasilerin yarg\u0131land\u0131\u011f\u0131 davalar\u0131n TRT&#8217;de canl\u0131 yay\u0131nlamas\u0131 i\u00e7in TBMM Ba\u015fkanl\u0131\u011f\u0131&#8217;na sunduklar\u0131 kanun teklifinin, TBMM \u0130\u00e7 T\u00fcz\u00fc\u011f\u00fc&#8217;n\u00fcn 37&#8217;nci maddesi uyar\u0131nca bug\u00fcn TBMM Genel Kurulu&#8217;nda g\u00f6r\u00fc\u015f\u00fclece\u011fini bildirdi.CHP Grup Ba\u015fkanvekili Ali Mahir Ba\u015far\u0131r, \u0130BB davas\u0131 ba\u015fta olmak \u00fczere siyasilerin yarg\u0131land\u0131\u011f\u0131 davalar\u0131n TRT&#8217;de canl\u0131 yay\u0131nlamas\u0131 i\u00e7in TBMM Ba\u015fkanl\u0131\u011f\u0131&#8217;na sunduklar\u0131 kanun teklifinin, TBMM \u0130\u00e7 T\u00fcz\u00fc\u011f\u00fc&#8217;n\u00fcn 37&#8217;nci maddesi uyar\u0131nca bug\u00fcn TBMM Genel Kurulu&#8217;nda g\u00f6r\u00fc\u015f\u00fclece\u011fini bildirdi.\u00a0<a href=\"https:\/\/www.cumhuriyet.com.tr\/siyaset\/bahceli-de-erdogan-da-yesil-isik-yakmisti-chp-imamoglu-nun-durusmalari-trt-de-yayinlansin-teklifini-bugun-meclis-e-sunacak-2457869\" target=\"_blank\" class=\"feedzy-rss-link-icon\">Read More<\/a><\/p>","protected":false},"excerpt":{"rendered":"<p>CHP Grup Ba\u015fkanvekili Ali Mahir Ba\u015far\u0131r, \u0130BB davas\u0131 ba\u015fta olmak \u00fczere siyasilerin yarg\u0131land\u0131\u011f\u0131 davalar\u0131n TRT&#8217;de canl\u0131 yay\u0131nlamas\u0131 i\u00e7in TBMM Ba\u015fkanl\u0131\u011f\u0131&#8217;na sunduklar\u0131 kanun teklifinin, TBMM \u0130\u00e7 T\u00fcz\u00fc\u011f\u00fc&#8217;n\u00fcn 37&#8217;nci maddesi uyar\u0131nca bug\u00fcn TBMM Genel Kurulu&#8217;nda g\u00f6r\u00fc\u015f\u00fclece\u011fini bildirdi.CHP Grup Ba\u015fkanvekili Ali Mahir Ba\u015far\u0131r, \u0130BB davas\u0131 ba\u015fta olmak \u00fczere siyasilerin yarg\u0131land\u0131\u011f\u0131 davalar\u0131n TRT&#8217;de canl\u0131 yay\u0131nlamas\u0131 i\u00e7in TBMM Ba\u015fkanl\u0131\u011f\u0131&#8217;na sunduklar\u0131 [&hellip;]<\/p>\n","protected":false},"author":1,"featured_media":12681,"comment_status":"open","ping_status":"open","sticky":false,"template":"","format":"standard","meta":{"footnotes":"","_links_to":"","_links_to_target":""},"categories":[1],"tags":[],"class_list":["post-12680","post","type-post","status-publish","format-standard","has-post-thumbnail","hentry","category-haberler"],"_links":{"self":[{"href":"https:\/\/www.abchukuk.com\/index.php\/wp-json\/wp\/v2\/posts\/12680","targetHints":{"allow":["GET"]}}],"collection":[{"href":"https:\/\/www.abchukuk.com\/index.php\/wp-json\/wp\/v2\/posts"}],"about":[{"href":"https:\/\/www.abchukuk.com\/index.php\/wp-json\/wp\/v2\/types\/post"}],"author":[{"embeddable":true,"href":"https:\/\/www.abchukuk.com\/index.php\/wp-json\/wp\/v2\/users\/1"}],"replies":[{"embeddable":true,"href":"https:\/\/www.abchukuk.com\/index.php\/wp-json\/wp\/v2\/comments?post=12680"}],"version-history":[{"count":0,"href":"https:\/\/www.abchukuk.com\/index.php\/wp-json\/wp\/v2\/posts\/12680\/revisions"}],"wp:featuredmedia":[{"embeddable":true,"href":"https:\/\/www.abchukuk.com\/index.php\/wp-json\/wp\/v2\/media\/12681"}],"wp:attachment":[{"href":"https:\/\/www.abchukuk.com\/index.php\/wp-json\/wp\/v2\/media?parent=12680"}],"wp:term":[{"taxonomy":"category","embeddable":true,"href":"https:\/\/www.abchukuk.com\/index.php\/wp-json\/wp\/v2\/categories?post=12680"},{"taxonomy":"post_tag","embeddable":true,"href":"https:\/\/www.abchukuk.com\/index.php\/wp-json\/wp\/v2\/tags?post=12680"}],"curies":[{"name":"wp","href":"https:\/\/api.w.org\/{rel}","templated":true}]}}