{"id":12613,"date":"2025-12-01T12:00:35","date_gmt":"2025-12-01T12:00:35","guid":{"rendered":"https:\/\/www.abchukuk.com\/index.php\/2025\/12\/01\/kizil-sacli-savcinin-ifadesi-alindi-o-ben-degilim\/"},"modified":"2025-12-01T12:00:35","modified_gmt":"2025-12-01T12:00:35","slug":"kizil-sacli-savcinin-ifadesi-alindi-o-ben-degilim","status":"publish","type":"post","link":"https:\/\/www.abchukuk.com\/index.php\/2025\/12\/01\/kizil-sacli-savcinin-ifadesi-alindi-o-ben-degilim\/","title":{"rendered":"K\u0131z\u0131l sa\u00e7l\u0131 savc\u0131n\u0131n ifadesi al\u0131nd\u0131: O ben de\u011filim"},"content":{"rendered":"<p>\u0130BB\u2019ye y\u00f6nelik \u201cyolsuzluk\u201d iddianamesinde k\u0131z\u0131l sa\u00e7l\u0131 bir kad\u0131n savc\u0131n\u0131n Ekrem \u0130mamo\u011flu\u2019nun avukat\u0131 Mehmet Pehlivan\u2019la Raffles Hotel\u2019de g\u00f6r\u00fc\u015ft\u00fc\u011f\u00fc iddias\u0131na da yer verilmi\u015fti. O savc\u0131n\u0131n ifadesi al\u0131nd\u0131. Savc\u0131 S.\u00c7.S ifadesinde g\u00f6r\u00fc\u015fmeyi yalanlad\u0131, \u201cK\u0131z\u0131l sa\u00e7 sevmem. Bu nedenle iddia do\u011fru de\u011fildir.\u201d dedi. \u0130ddialar\u0131n oda\u011f\u0131ndaki savc\u0131n\u0131n ifadesine Habert\u00fcrk \u00d6zel Haberler \u015eefi Ceylan Sever ula\u015ft\u0131.\u0130BB\u2019ye y\u00f6nelik \u201cyolsuzluk\u201d iddianamesinde k\u0131z\u0131l sa\u00e7l\u0131 bir kad\u0131n savc\u0131n\u0131n Ekrem \u0130mamo\u011flu\u2019nun avukat\u0131 Mehmet Pehlivan\u2019la Raffles Hotel\u2019de g\u00f6r\u00fc\u015ft\u00fc\u011f\u00fc iddias\u0131na da yer verilmi\u015fti. O savc\u0131n\u0131n ifadesi al\u0131nd\u0131. Savc\u0131 S.\u00c7.S ifadesinde g\u00f6r\u00fc\u015fmeyi yalanlad\u0131, \u201cK\u0131z\u0131l sa\u00e7 sevmem. Bu nedenle iddia do\u011fru de\u011fildir.\u201d dedi. \u0130ddialar\u0131n oda\u011f\u0131ndaki savc\u0131n\u0131n ifadesine Habert\u00fcrk \u00d6zel Haberler \u015eefi Ceylan Sever ula\u015ft\u0131.\u00a0<a href=\"https:\/\/www.haberturk.com\/kizil-sacli-savcinin-ifadesi-alindi-kizil-sac-sevmem-o-ben-degilim-3842026\" target=\"_blank\" class=\"feedzy-rss-link-icon\">Read More<\/a><\/p>","protected":false},"excerpt":{"rendered":"<p>\u0130BB\u2019ye y\u00f6nelik \u201cyolsuzluk\u201d iddianamesinde k\u0131z\u0131l sa\u00e7l\u0131 bir kad\u0131n savc\u0131n\u0131n Ekrem \u0130mamo\u011flu\u2019nun avukat\u0131 Mehmet Pehlivan\u2019la Raffles Hotel\u2019de g\u00f6r\u00fc\u015ft\u00fc\u011f\u00fc iddias\u0131na da yer verilmi\u015fti. O savc\u0131n\u0131n ifadesi al\u0131nd\u0131. Savc\u0131 S.\u00c7.S ifadesinde g\u00f6r\u00fc\u015fmeyi yalanlad\u0131, \u201cK\u0131z\u0131l sa\u00e7 sevmem. Bu nedenle iddia do\u011fru de\u011fildir.\u201d dedi. \u0130ddialar\u0131n oda\u011f\u0131ndaki savc\u0131n\u0131n ifadesine Habert\u00fcrk \u00d6zel Haberler \u015eefi Ceylan Sever ula\u015ft\u0131.\u0130BB\u2019ye y\u00f6nelik \u201cyolsuzluk\u201d iddianamesinde k\u0131z\u0131l sa\u00e7l\u0131 [&hellip;]<\/p>\n","protected":false},"author":1,"featured_media":0,"comment_status":"open","ping_status":"open","sticky":false,"template":"","format":"standard","meta":{"footnotes":"","_links_to":"","_links_to_target":""},"categories":[1],"tags":[],"class_list":["post-12613","post","type-post","status-publish","format-standard","hentry","category-haberler"],"_links":{"self":[{"href":"https:\/\/www.abchukuk.com\/index.php\/wp-json\/wp\/v2\/posts\/12613","targetHints":{"allow":["GET"]}}],"collection":[{"href":"https:\/\/www.abchukuk.com\/index.php\/wp-json\/wp\/v2\/posts"}],"about":[{"href":"https:\/\/www.abchukuk.com\/index.php\/wp-json\/wp\/v2\/types\/post"}],"author":[{"embeddable":true,"href":"https:\/\/www.abchukuk.com\/index.php\/wp-json\/wp\/v2\/users\/1"}],"replies":[{"embeddable":true,"href":"https:\/\/www.abchukuk.com\/index.php\/wp-json\/wp\/v2\/comments?post=12613"}],"version-history":[{"count":0,"href":"https:\/\/www.abchukuk.com\/index.php\/wp-json\/wp\/v2\/posts\/12613\/revisions"}],"wp:attachment":[{"href":"https:\/\/www.abchukuk.com\/index.php\/wp-json\/wp\/v2\/media?parent=12613"}],"wp:term":[{"taxonomy":"category","embeddable":true,"href":"https:\/\/www.abchukuk.com\/index.php\/wp-json\/wp\/v2\/categories?post=12613"},{"taxonomy":"post_tag","embeddable":true,"href":"https:\/\/www.abchukuk.com\/index.php\/wp-json\/wp\/v2\/tags?post=12613"}],"curies":[{"name":"wp","href":"https:\/\/api.w.org\/{rel}","templated":true}]}}