{"id":12579,"date":"2025-12-01T12:00:24","date_gmt":"2025-12-01T12:00:24","guid":{"rendered":"https:\/\/www.abchukuk.com\/index.php\/2025\/12\/01\/turkiye-adalet-akademisinden-filistin-hakim-ve-savcilarina-egitim\/"},"modified":"2025-12-01T12:00:24","modified_gmt":"2025-12-01T12:00:24","slug":"turkiye-adalet-akademisinden-filistin-hakim-ve-savcilarina-egitim","status":"publish","type":"post","link":"https:\/\/www.abchukuk.com\/index.php\/2025\/12\/01\/turkiye-adalet-akademisinden-filistin-hakim-ve-savcilarina-egitim\/","title":{"rendered":"T\u00fcrkiye adalet akademisinden Filistin h\u00e2kim ve savc\u0131lar\u0131na e\u011fitim"},"content":{"rendered":"<p>Filistin Devleti\u2019nde g\u00f6rev yapan h\u00e2kim ve savc\u0131lar, 01-04 Aral\u0131k 2025 tarihleri aras\u0131nda T\u00fcrkiye Adalet Akademisinde verilecek \u201cUluslararas\u0131 E\u011fitim Program\u0131\u201dna kat\u0131lacak. A\u00e7\u0131\u015f konu\u015fmalar\u0131 ile ba\u015flayan programda, e\u011fitimlerin yan\u0131 s\u0131ra kurum ziyaretleri de yap\u0131lmas\u0131 planlan\u0131yor.<\/p>\n<p><a href=\"https:\/\/www.son.tv\/wp-content\/uploads\/2025\/12\/WhatsApp-Image-2025-12-01-at-14.57.36-1.jpeg\"><img loading=\"lazy\" decoding=\"async\" loading=\"lazy\" class=\"alignnone size-large wp-image-165619\" src=\"https:\/\/www.son.tv\/wp-content\/uploads\/2025\/12\/WhatsApp-Image-2025-12-01-at-14.57.36-1-1024x643.jpeg\" alt=\"\" width=\"1024\" height=\"643\" \/><\/a><\/p>\n<p>BEK\u0130R ALTUN: F\u0130L\u0130ST\u0130N B\u0130Z\u0130M \u0130\u00c7\u0130N YALNIZCA B\u0130R DOST \u00dcLKE DE\u011e\u0130L; AYNI ZAMANDA ADALET\u0130N, \u00d6ZG\u00dcRL\u00dc\u011e\u00dcN VE \u0130NSAN ONURUNUN SEMBOL\u00dcD\u00dcR<\/p>\n<p>Program a\u00e7\u0131l\u0131\u015f\u0131nda konu\u015fan T\u00fcrkiye Adalet Akademisi Ba\u015fkan\u0131 Bekir Altun: \u201cT\u00fcrkiye-Filistin ili\u015fkileri, tarihsel ba\u011flar, ortak de\u011ferler ve kar\u015f\u0131l\u0131kl\u0131 g\u00fcven \u00fczerine in\u015fa edilmi\u015ftir. Filistin, bizim i\u00e7in yaln\u0131zca bir dost \u00fclke de\u011fil; ayn\u0131 zamanda adaletin, \u00f6zg\u00fcrl\u00fc\u011f\u00fcn ve insan onurunun sembol\u00fcd\u00fcr. T\u00fcrkiye, Filistin halk\u0131n\u0131n hakl\u0131 davas\u0131n\u0131 her zaman desteklemi\u015f, onlar\u0131n yan\u0131nda olmay\u0131 bir vicdan borcu olarak g\u00f6rm\u00fc\u015ft\u00fcr. \u00a0Bu ili\u015fkiler, g\u00fcn\u00fcm\u00fczde de her alanda at\u0131lan somut ad\u0131mlarla g\u00fc\u00e7l\u00fc bir \u015fekilde ilerlemektedir. T\u00fcrkiye Adalet Akademisi ile Filistin yarg\u0131 kurumlar\u0131 aras\u0131ndaki ili\u015fkiler, son d\u00f6nemdeki \u00fcst d\u00fczey temaslarla daha da g\u00fc\u00e7lenmektedir. 2018\u2019de Filistin Ba\u015fsavc\u0131s\u0131 T\u00fcrkiye Adalet Akademisini ziyaret etmi\u015f, ayn\u0131 y\u0131l Filistin Yarg\u0131 Enstit\u00fcs\u00fc mensuplar\u0131 T\u00fcrkiye\u2019de kapsaml\u0131 bir e\u011fitimle yarg\u0131 sistemimizi daha yak\u0131ndan tan\u0131ma imk\u00e2n\u0131 bulmu\u015ftur. 2020\u2019de ger\u00e7ekle\u015ftirilen \u00e7evrimi\u00e7i uluslararas\u0131 e\u011fitim program\u0131nda Filistinli savc\u0131lar bilgi ve tecr\u00fcbe payla\u015f\u0131m\u0131na kat\u0131lm\u0131\u015ft\u0131r. 2022\u2019de Filistin Adalet Bakan\u0131\u2019n\u0131n T\u00fcrkiye Adalet Akademisine yapt\u0131\u011f\u0131 ziyaretle iki \u00fclke aras\u0131ndaki hukuki i\u015f birli\u011fi daha da peki\u015fmi\u015ftir. Filistin h\u00e2kim ve savc\u0131lar\u0131na y\u00f6nelik d\u00fczenlenen bu program\u0131n amac\u0131; yarg\u0131 kurumlar\u0131 aras\u0131nda i\u015f birli\u011fini g\u00fc\u00e7lendirmek, bilgi ve tecr\u00fcbe payla\u015f\u0131m\u0131n\u0131 art\u0131rmak ve hukukta ortak bir anlay\u0131\u015f geli\u015ftirmektir. Bu kapsamda; yolsuzluk ve kara para aklama su\u00e7lar\u0131, siber su\u00e7lar\u0131n yap\u0131s\u0131 ve delil toplama y\u00f6ntemleri, i\u015fgal d\u00f6nemlerinde uluslararas\u0131 hukuk ve adaletin tesisi, Uluslararas\u0131 Ceza Mahkemesinin yarg\u0131 yetkisi ile delil toplama ve ma\u011fdur adaleti gibi konular ele al\u0131nacakt\u0131r. Program kapsam\u0131nda Yarg\u0131tay \u00fcyeleri, deneyimli yarg\u0131 mensuplar\u0131 ve se\u00e7kin akademisyenler e\u011fitim verecektir. Filistinli h\u00e2kim ve savc\u0131lar, bu e\u011fitim sayesinde hem mesleki birikimlerini geli\u015ftirecek hem de uluslararas\u0131 hukuk perspektiflerini geni\u015fleteceklerdir.\u201d dedi.<\/p>\n<p><a href=\"https:\/\/www.son.tv\/wp-content\/uploads\/2025\/12\/WhatsApp-Image-2025-12-01-at-14.57.36-3.jpeg\"><img loading=\"lazy\" decoding=\"async\" loading=\"lazy\" class=\"alignnone size-large wp-image-165621\" src=\"https:\/\/www.son.tv\/wp-content\/uploads\/2025\/12\/WhatsApp-Image-2025-12-01-at-14.57.36-3-1024x682.jpeg\" alt=\"\" width=\"1024\" height=\"682\" \/><\/a><\/p>\n<p>1.RAHMAN NURDUN: Y\u00dcR\u00dcTMEKTE OLDU\u011eUMUZ PROGRAMLARA F\u0130L\u0130ST\u0130NL\u0130 UZMANLARIN VE GEN\u00c7LER\u0130N KATILIMLARINI DA SA\u011eLAMAYI AMA\u00c7LIYORUZ<\/p>\n<p>Program a\u00e7\u0131l\u0131\u015f\u0131nda konu\u015fan T\u00fcrkiye \u0130\u015fbirli\u011fi ve Koordinasyon Ajans\u0131 (T\u0130KA) Ba\u015fkan Yard\u0131mc\u0131s\u0131 Dr. Rahman Nurdun: \u201c2009\u2019dan bu yana 141 e\u011fitim program\u0131 ile Orta Asya, Orta Do\u011fu, Kafkasya ve Afrika olmak \u00fczere 30\u2019dan fazla \u00fclkeden 2008\u2019den fazla h\u00e2kim, savc\u0131 ve hukuk alan\u0131nda \u00e7al\u0131\u015fan uzmana e\u011fitimler ger\u00e7ekle\u015ftirdik. Bu e\u011fitimler; adalet y\u00f6netimi, insan ticareti, m\u00fclteci hukuku ve bir\u00e7ok farkl\u0131 konuyu kapsamaktad\u0131r. 2025 y\u0131l\u0131nda ise \u015fimdiye kadar be\u015f farkl\u0131 projeyle, dokuz \u00fclkeden 166 h\u00e2kim, savc\u0131 ve h\u00e2kim-savc\u0131 aday\u0131na e\u011fitim verilmi\u015ftir. Bu hafta da yolsuzluk, kara para aklama, siber su\u00e7lara y\u00f6nelik uygulamalar; uluslararas\u0131 alanda BM s\u00f6zle\u015fmeleri \u00e7er\u00e7evesinde insan haklar\u0131 mekanizmalar\u0131 ile sava\u015f su\u00e7lar\u0131, insanl\u0131\u011fa kar\u015f\u0131 su\u00e7lar ve soyk\u0131r\u0131m su\u00e7u gibi uluslararas\u0131 ceza hukukunun temel su\u00e7lar\u0131 konular\u0131nda e\u011fitim sunulacakt\u0131r. Filistin\u2019de 2005 y\u0131l\u0131nda a\u00e7\u0131lan T\u0130KA ofisi, T\u0130KA\u2019n\u0131n Orta Do\u011fu\u2019da a\u00e7t\u0131\u011f\u0131 ilk ofistir. Bat\u0131 \u015eeria, Gazze ve Kud\u00fcs\u2019te 1200\u2019den fazla proje hayata ge\u00e7irilmi\u015ftir. E\u011fitim projeleri noktas\u0131nda onlarca e\u011fitim program\u0131 geli\u015ftirmi\u015f bulunmaktay\u0131z. E\u011fitim Koordinat\u00f6rl\u00fc\u011f\u00fc birimimiz arac\u0131l\u0131\u011f\u0131yla bir\u00e7ok alanda y\u00fcr\u00fctmekte oldu\u011fumuz programlara Filistinli uzmanlar\u0131n ve gen\u00e7lerin kat\u0131l\u0131mlar\u0131n\u0131 da sa\u011flamay\u0131 ama\u00e7l\u0131yoruz. Bug\u00fcn a\u00e7\u0131l\u0131\u015f\u0131n\u0131 yapt\u0131\u011f\u0131m\u0131z proje de bunlardan biridir. T\u0130KA\u2019n\u0131n Filistin\u2019e y\u00f6nelik adalet e\u011fitimi projelerine gelirsek; adalet e\u011fitimi alan\u0131nda 2010, 2016 ve 2018 y\u0131llar\u0131nda iki proje ile toplam 21 Filistinli hukuk uzman\u0131na e\u011fitim verilmi\u015ftir. 15 kat\u0131l\u0131mc\u0131n\u0131n bulundu\u011fu mevcut e\u011fitim, bu alandaki \u00fc\u00e7\u00fcnc\u00fc projemizdir. Hem \u00fclkemiz hem de Filistin nezdinde her zaman \u00f6zel bir \u00f6nemi bulunmaktad\u0131r. \u0130n\u015fallah deste\u011fimiz \u00f6n\u00fcm\u00fczdeki y\u0131llarda artarak devam edecektir.\u201d dedi.<\/p>\n<p><a href=\"https:\/\/www.son.tv\/wp-content\/uploads\/2025\/12\/WhatsApp-Image-2025-12-01-at-14.57.36-2.jpeg\"><img loading=\"lazy\" decoding=\"async\" loading=\"lazy\" class=\"alignnone size-large wp-image-165620\" src=\"https:\/\/www.son.tv\/wp-content\/uploads\/2025\/12\/WhatsApp-Image-2025-12-01-at-14.57.36-2-1024x682.jpeg\" alt=\"\" width=\"1024\" height=\"682\" \/><\/a><\/p>\n<p>AKRAM AL-KHAT\u0130B: BUG\u00dcN T\u00dcRK\u0130YE ADALET AKADEM\u0130S\u0130NDE B\u0130R ARAYA GELMEM\u0130Z B\u0130Z\u0130M A\u00c7IMIZDAN B\u00dcY\u00dcK B\u0130R \u00d6NEME SAH\u0130P<\/p>\n<p>Program a\u00e7\u0131l\u0131\u015f\u0131nda konu\u015fan Filistin Devleti Ba\u015fsavc\u0131s\u0131 Akram Al-Khatip: \u201cFilistin adalet temsilcisi olarak, bildi\u011finiz gibi b\u00fct\u00fcn zorluklara ra\u011fmen kanunun savunuldu\u011funu belirtmek isterim. \u00c7\u00fcnk\u00fc bu topraklarda her g\u00fcn hukuk sorgulanmaktad\u0131r. Adalete inanan herkes i\u00e7in Filistin davas\u0131, herkesin davas\u0131d\u0131r. Filistin elbette b\u00fcy\u00fck bir iradeye, onura ve y\u00fcceli\u011fe sahiptir. Filistin halk\u0131, hayatta kalmak i\u00e7in zulme kar\u015f\u0131 direnmekte ve \u00e7\u00f6z\u00fcm beklemektedir. Ayn\u0131 zamanda T\u00fcrkiye\u2019nin, tarih boyunca bu karde\u015fli\u011fe verdi\u011fi \u00f6nem hepimizin malumudur. Bize verdi\u011finiz bu \u00f6nem \u00e7ok k\u0131ymetli bir mesaj i\u00e7ermektedir. \u00dclkemizde mahkemeler; askeri barikatlar ve i\u015fgalcilerin uygulad\u0131\u011f\u0131 engellere ra\u011fmen \u00e7al\u0131\u015fmaktad\u0131r. Hakimler ve avukatlar dahi mahkeme oturumlar\u0131na gitmekte zorlanmaktad\u0131r. Ger\u00e7ekten her \u015feye ra\u011fmen mahkeme, hukuk ad\u0131na g\u00f6revini yapmaktad\u0131r. Dolay\u0131s\u0131yla biz adaleti ar\u0131yoruz. Biz her zaman adaletin yan\u0131nday\u0131z. Herkesin, ne olursa olsun, yarg\u0131ya ula\u015fma hakk\u0131 oldu\u011funa inan\u0131yoruz. Adalet alan\u0131nda yeni yollarla, yeni kadrolarla i\u015flerimizi y\u00fcr\u00fctmeliyiz. S\u0131n\u0131r \u00f6tesi su\u00e7lar, para aklama ve teknolojiyle i\u015flenen su\u00e7larla m\u00fccadele etmek zorunday\u0131z. \u0130\u015fte bug\u00fcn T\u00fcrkiye Adalet Akademisinde bir araya gelmemiz bu nedenle b\u00fcy\u00fck bir \u00f6neme sahip. E\u011fitimimiz i\u00e7in teori ile uygulama aras\u0131nda neler yapabilece\u011fimizi g\u00f6rece\u011fiz.\u201d dedi.<\/p>\n<p><a href=\"https:\/\/www.son.tv\/wp-content\/uploads\/2025\/12\/WhatsApp-Image-2025-12-01-at-14.57.36-4.jpeg\"><img loading=\"lazy\" decoding=\"async\" loading=\"lazy\" class=\"alignnone size-large wp-image-165622\" src=\"https:\/\/www.son.tv\/wp-content\/uploads\/2025\/12\/WhatsApp-Image-2025-12-01-at-14.57.36-4-1024x566.jpeg\" alt=\"\" width=\"1024\" height=\"566\" \/><\/a><\/p>\n<p>\u00a0<\/p>\n<p>\u00a0<\/p>\n<p>T\u00fcrkiye Adalet Akademisince, T\u00fcrk \u0130\u015fbirli\u011fi ve Koordinasyon Ajans\u0131 (T\u0130KA) i\u015f birli\u011finde, Filistin Devleti\u2019nde g\u00f6rev yapan h\u00e2kim ve savc\u0131lara y\u00f6nelik d\u00fczenlenen \u201cUluslararas\u0131 E\u011fitim Program\u0131\u201d, T\u00fcrkiye Adalet Akademisinde ba\u015flad\u0131.\u00a0<a href=\"https:\/\/www.son.tv\/turkiye-adalet-akademisinden-filistin-hakim-ve-savcilarina-egitim\/\" target=\"_blank\" class=\"feedzy-rss-link-icon\">Read More<\/a><\/p>","protected":false},"excerpt":{"rendered":"<p>Filistin Devleti\u2019nde g\u00f6rev yapan h\u00e2kim ve savc\u0131lar, 01-04 Aral\u0131k 2025 tarihleri aras\u0131nda T\u00fcrkiye Adalet Akademisinde verilecek \u201cUluslararas\u0131 E\u011fitim Program\u0131\u201dna kat\u0131lacak. A\u00e7\u0131\u015f konu\u015fmalar\u0131 ile ba\u015flayan programda, e\u011fitimlerin yan\u0131 s\u0131ra kurum ziyaretleri de yap\u0131lmas\u0131 planlan\u0131yor. BEK\u0130R ALTUN: F\u0130L\u0130ST\u0130N B\u0130Z\u0130M \u0130\u00c7\u0130N YALNIZCA B\u0130R DOST \u00dcLKE DE\u011e\u0130L; AYNI ZAMANDA ADALET\u0130N, \u00d6ZG\u00dcRL\u00dc\u011e\u00dcN VE \u0130NSAN ONURUNUN SEMBOL\u00dcD\u00dcR Program a\u00e7\u0131l\u0131\u015f\u0131nda konu\u015fan T\u00fcrkiye [&hellip;]<\/p>\n","protected":false},"author":1,"featured_media":12580,"comment_status":"open","ping_status":"open","sticky":false,"template":"","format":"standard","meta":{"footnotes":"","_links_to":"","_links_to_target":""},"categories":[1],"tags":[],"class_list":["post-12579","post","type-post","status-publish","format-standard","has-post-thumbnail","hentry","category-haberler"],"_links":{"self":[{"href":"https:\/\/www.abchukuk.com\/index.php\/wp-json\/wp\/v2\/posts\/12579","targetHints":{"allow":["GET"]}}],"collection":[{"href":"https:\/\/www.abchukuk.com\/index.php\/wp-json\/wp\/v2\/posts"}],"about":[{"href":"https:\/\/www.abchukuk.com\/index.php\/wp-json\/wp\/v2\/types\/post"}],"author":[{"embeddable":true,"href":"https:\/\/www.abchukuk.com\/index.php\/wp-json\/wp\/v2\/users\/1"}],"replies":[{"embeddable":true,"href":"https:\/\/www.abchukuk.com\/index.php\/wp-json\/wp\/v2\/comments?post=12579"}],"version-history":[{"count":0,"href":"https:\/\/www.abchukuk.com\/index.php\/wp-json\/wp\/v2\/posts\/12579\/revisions"}],"wp:featuredmedia":[{"embeddable":true,"href":"https:\/\/www.abchukuk.com\/index.php\/wp-json\/wp\/v2\/media\/12580"}],"wp:attachment":[{"href":"https:\/\/www.abchukuk.com\/index.php\/wp-json\/wp\/v2\/media?parent=12579"}],"wp:term":[{"taxonomy":"category","embeddable":true,"href":"https:\/\/www.abchukuk.com\/index.php\/wp-json\/wp\/v2\/categories?post=12579"},{"taxonomy":"post_tag","embeddable":true,"href":"https:\/\/www.abchukuk.com\/index.php\/wp-json\/wp\/v2\/tags?post=12579"}],"curies":[{"name":"wp","href":"https:\/\/api.w.org\/{rel}","templated":true}]}}