{"id":12577,"date":"2025-12-01T12:08:00","date_gmt":"2025-12-01T12:08:00","guid":{"rendered":"https:\/\/www.abchukuk.com\/index.php\/2025\/12\/01\/mardinde-kaya-ailesinin-oldurulmesiyle-ilgili-yeni-gelisme-gozaltindaki-1-kisi-serbest-birakildi\/"},"modified":"2025-12-01T12:08:00","modified_gmt":"2025-12-01T12:08:00","slug":"mardinde-kaya-ailesinin-oldurulmesiyle-ilgili-yeni-gelisme-gozaltindaki-1-kisi-serbest-birakildi","status":"publish","type":"post","link":"https:\/\/www.abchukuk.com\/index.php\/2025\/12\/01\/mardinde-kaya-ailesinin-oldurulmesiyle-ilgili-yeni-gelisme-gozaltindaki-1-kisi-serbest-birakildi\/","title":{"rendered":"Mardin&#8217;de Kaya ailesinin \u00f6ld\u00fcr\u00fclmesiyle ilgili yeni geli\u015fme: G\u00f6zalt\u0131ndaki 1 ki\u015fi serbest b\u0131rak\u0131ld\u0131"},"content":{"rendered":"<p>Mardin&#8217;in K\u0131z\u0131ltepe il\u00e7esinde Kaya ailesinin \u00fc\u00e7 ferdinin evlerinde \u00f6ld\u00fcr\u00fclm\u00fc\u015f halde bulunmas\u0131na ili\u015fkin soru\u015fturma kapsam\u0131nda g\u00f6zalt\u0131nda tutulan ki\u015fi adli kontrolle serbest b\u0131rak\u0131ld\u0131.Mardin&#8217;in K\u0131z\u0131ltepe il\u00e7esinde Kaya ailesinin \u00fc\u00e7 ferdinin evlerinde \u00f6ld\u00fcr\u00fclm\u00fc\u015f halde bulunmas\u0131na ili\u015fkin soru\u015fturma kapsam\u0131nda g\u00f6zalt\u0131nda tutulan ki\u015fi adli kontrolle serbest b\u0131rak\u0131ld\u0131.\u00a0<a href=\"https:\/\/www.cumhuriyet.com.tr\/turkiye\/mardin-de-kaya-ailesinin-oldurulmesiyle-ilgili-yeni-gelisme-gozaltindaki-1-kisi-serbest-birakildi-2457528\" target=\"_blank\" class=\"feedzy-rss-link-icon\">Read More<\/a><\/p>","protected":false},"excerpt":{"rendered":"<p>Mardin&#8217;in K\u0131z\u0131ltepe il\u00e7esinde Kaya ailesinin \u00fc\u00e7 ferdinin evlerinde \u00f6ld\u00fcr\u00fclm\u00fc\u015f halde bulunmas\u0131na ili\u015fkin soru\u015fturma kapsam\u0131nda g\u00f6zalt\u0131nda tutulan ki\u015fi adli kontrolle serbest b\u0131rak\u0131ld\u0131.Mardin&#8217;in K\u0131z\u0131ltepe il\u00e7esinde Kaya ailesinin \u00fc\u00e7 ferdinin evlerinde \u00f6ld\u00fcr\u00fclm\u00fc\u015f halde bulunmas\u0131na ili\u015fkin soru\u015fturma kapsam\u0131nda g\u00f6zalt\u0131nda tutulan ki\u015fi adli kontrolle serbest b\u0131rak\u0131ld\u0131.\u00a0Read More<\/p>\n","protected":false},"author":1,"featured_media":12578,"comment_status":"open","ping_status":"open","sticky":false,"template":"","format":"standard","meta":{"footnotes":"","_links_to":"","_links_to_target":""},"categories":[1],"tags":[],"class_list":["post-12577","post","type-post","status-publish","format-standard","has-post-thumbnail","hentry","category-haberler"],"_links":{"self":[{"href":"https:\/\/www.abchukuk.com\/index.php\/wp-json\/wp\/v2\/posts\/12577","targetHints":{"allow":["GET"]}}],"collection":[{"href":"https:\/\/www.abchukuk.com\/index.php\/wp-json\/wp\/v2\/posts"}],"about":[{"href":"https:\/\/www.abchukuk.com\/index.php\/wp-json\/wp\/v2\/types\/post"}],"author":[{"embeddable":true,"href":"https:\/\/www.abchukuk.com\/index.php\/wp-json\/wp\/v2\/users\/1"}],"replies":[{"embeddable":true,"href":"https:\/\/www.abchukuk.com\/index.php\/wp-json\/wp\/v2\/comments?post=12577"}],"version-history":[{"count":0,"href":"https:\/\/www.abchukuk.com\/index.php\/wp-json\/wp\/v2\/posts\/12577\/revisions"}],"wp:featuredmedia":[{"embeddable":true,"href":"https:\/\/www.abchukuk.com\/index.php\/wp-json\/wp\/v2\/media\/12578"}],"wp:attachment":[{"href":"https:\/\/www.abchukuk.com\/index.php\/wp-json\/wp\/v2\/media?parent=12577"}],"wp:term":[{"taxonomy":"category","embeddable":true,"href":"https:\/\/www.abchukuk.com\/index.php\/wp-json\/wp\/v2\/categories?post=12577"},{"taxonomy":"post_tag","embeddable":true,"href":"https:\/\/www.abchukuk.com\/index.php\/wp-json\/wp\/v2\/tags?post=12577"}],"curies":[{"name":"wp","href":"https:\/\/api.w.org\/{rel}","templated":true}]}}