{"id":12575,"date":"2025-12-01T12:11:41","date_gmt":"2025-12-01T12:11:41","guid":{"rendered":"https:\/\/www.abchukuk.com\/index.php\/2025\/12\/01\/bakan-tunc-derece-yapan-hukukculara-cubbelerini-teslim-etti\/"},"modified":"2025-12-01T12:11:41","modified_gmt":"2025-12-01T12:11:41","slug":"bakan-tunc-derece-yapan-hukukculara-cubbelerini-teslim-etti","status":"publish","type":"post","link":"https:\/\/www.abchukuk.com\/index.php\/2025\/12\/01\/bakan-tunc-derece-yapan-hukukculara-cubbelerini-teslim-etti\/","title":{"rendered":"Bakan Tun\u00e7 derece yapan hukuk\u00e7ulara c\u00fcbbelerini teslim etti"},"content":{"rendered":"<p>Adalet Bakan\u0131 Y\u0131lmaz Tun\u00e7, 28. d\u00f6nem adli yarg\u0131 ve 18. d\u00f6nem idari yarg\u0131da mesle\u011fe kabul edilen 1.351 h\u00e2kim ve Cumhuriyet savc\u0131s\u0131ndan s\u0131navlarda dereceye giren gen\u00e7 hukuk\u00e7ularla bir araya geldi.<\/p>\n<p><a href=\"https:\/\/www.son.tv\/wp-content\/uploads\/2025\/12\/G7FHsyJXMAA9e71-scaled.jpg\"><img fetchpriority=\"high\" decoding=\"async\" class=\"alignnone size-large wp-image-165626\" src=\"https:\/\/www.son.tv\/wp-content\/uploads\/2025\/12\/G7FHsyJXMAA9e71-1024x683.jpg\" alt=\"\" width=\"1024\" height=\"683\" \/><\/a><\/p>\n<p>BAKAN TUN\u00c7 C\u00dcBBELER\u0130N\u0130 TESL\u0130M ETT\u0130<\/p>\n<p>S\u0131navlarda \u00fcst\u00fcn ba\u015far\u0131 g\u00f6steren h\u00e2kim ve Cumhuriyet savc\u0131s\u0131 adaylar\u0131na C\u00fcbbelerini teslim eden Bakan Tun\u00e7, \u201cAdaletin tecellisi yolunda b\u00fcy\u00fck bir \u00f6zveriyle \u00e7al\u0131\u015facaklar\u0131na y\u00fcrekten inand\u0131\u011f\u0131m gen\u00e7 hukuk\u00e7ular\u0131m\u0131z\u0131 tebrik ediyor, ba\u015far\u0131lar\u0131n\u0131n devam\u0131n\u0131 diliyorum\u201d dedi.<\/p>\n<p><a href=\"https:\/\/www.son.tv\/wp-content\/uploads\/2025\/12\/G7FHqLZXsAAtSs--scaled.jpg\"><img decoding=\"async\" class=\"alignnone size-large wp-image-165627\" src=\"https:\/\/www.son.tv\/wp-content\/uploads\/2025\/12\/G7FHqLZXsAAtSs--1024x683.jpg\" alt=\"\" width=\"1024\" height=\"683\" \/><\/a> <a href=\"https:\/\/www.son.tv\/wp-content\/uploads\/2025\/12\/G7FHom7XoAAFZwl-scaled.jpg\"><img decoding=\"async\" class=\"alignnone size-large wp-image-165628\" src=\"https:\/\/www.son.tv\/wp-content\/uploads\/2025\/12\/G7FHom7XoAAFZwl-1024x683.jpg\" alt=\"\" width=\"1024\" height=\"683\" \/><\/a><\/p>\n<p>28. d\u00f6nem adli yarg\u0131 ve 18. d\u00f6nem idari yarg\u0131da mesle\u011fe kabul edilen 1.351 h\u00e2kim ve Cumhuriyet savc\u0131s\u0131ndan s\u0131navlarda dereceye giren gen\u00e7 hukuk\u00e7ularla bir araya gelen Adalet Bakan\u0131 Y\u0131lmaz Tun\u00e7, S\u0131navlarda \u00fcst\u00fcn ba\u015far\u0131 g\u00f6steren h\u00e2kim ve Cumhuriyet savc\u0131s\u0131 adaylar\u0131na c\u00fcbbelerini teslim etti.\u00a0<a href=\"https:\/\/www.son.tv\/bakan-tunc-derece-yapan-hukukculara-cubbelerini-teslim-etti\/\" target=\"_blank\" class=\"feedzy-rss-link-icon\">Read More<\/a><\/p>","protected":false},"excerpt":{"rendered":"<p>Adalet Bakan\u0131 Y\u0131lmaz Tun\u00e7, 28. d\u00f6nem adli yarg\u0131 ve 18. d\u00f6nem idari yarg\u0131da mesle\u011fe kabul edilen 1.351 h\u00e2kim ve Cumhuriyet savc\u0131s\u0131ndan s\u0131navlarda dereceye giren gen\u00e7 hukuk\u00e7ularla bir araya geldi. BAKAN TUN\u00c7 C\u00dcBBELER\u0130N\u0130 TESL\u0130M ETT\u0130 S\u0131navlarda \u00fcst\u00fcn ba\u015far\u0131 g\u00f6steren h\u00e2kim ve Cumhuriyet savc\u0131s\u0131 adaylar\u0131na C\u00fcbbelerini teslim eden Bakan Tun\u00e7, \u201cAdaletin tecellisi yolunda b\u00fcy\u00fck bir \u00f6zveriyle \u00e7al\u0131\u015facaklar\u0131na [&hellip;]<\/p>\n","protected":false},"author":1,"featured_media":12576,"comment_status":"open","ping_status":"open","sticky":false,"template":"","format":"standard","meta":{"footnotes":"","_links_to":"","_links_to_target":""},"categories":[1],"tags":[],"class_list":["post-12575","post","type-post","status-publish","format-standard","has-post-thumbnail","hentry","category-haberler"],"_links":{"self":[{"href":"https:\/\/www.abchukuk.com\/index.php\/wp-json\/wp\/v2\/posts\/12575","targetHints":{"allow":["GET"]}}],"collection":[{"href":"https:\/\/www.abchukuk.com\/index.php\/wp-json\/wp\/v2\/posts"}],"about":[{"href":"https:\/\/www.abchukuk.com\/index.php\/wp-json\/wp\/v2\/types\/post"}],"author":[{"embeddable":true,"href":"https:\/\/www.abchukuk.com\/index.php\/wp-json\/wp\/v2\/users\/1"}],"replies":[{"embeddable":true,"href":"https:\/\/www.abchukuk.com\/index.php\/wp-json\/wp\/v2\/comments?post=12575"}],"version-history":[{"count":0,"href":"https:\/\/www.abchukuk.com\/index.php\/wp-json\/wp\/v2\/posts\/12575\/revisions"}],"wp:featuredmedia":[{"embeddable":true,"href":"https:\/\/www.abchukuk.com\/index.php\/wp-json\/wp\/v2\/media\/12576"}],"wp:attachment":[{"href":"https:\/\/www.abchukuk.com\/index.php\/wp-json\/wp\/v2\/media?parent=12575"}],"wp:term":[{"taxonomy":"category","embeddable":true,"href":"https:\/\/www.abchukuk.com\/index.php\/wp-json\/wp\/v2\/categories?post=12575"},{"taxonomy":"post_tag","embeddable":true,"href":"https:\/\/www.abchukuk.com\/index.php\/wp-json\/wp\/v2\/tags?post=12575"}],"curies":[{"name":"wp","href":"https:\/\/api.w.org\/{rel}","templated":true}]}}