{"id":12573,"date":"2025-12-01T12:26:00","date_gmt":"2025-12-01T12:26:00","guid":{"rendered":"https:\/\/www.abchukuk.com\/index.php\/2025\/12\/01\/okullarda-bir-ogun-ucretsiz-yemek-icin-durusmaya-cagri-cocuklar-acliktan-bayiliyor\/"},"modified":"2025-12-01T12:26:00","modified_gmt":"2025-12-01T12:26:00","slug":"okullarda-bir-ogun-ucretsiz-yemek-icin-durusmaya-cagri-cocuklar-acliktan-bayiliyor","status":"publish","type":"post","link":"https:\/\/www.abchukuk.com\/index.php\/2025\/12\/01\/okullarda-bir-ogun-ucretsiz-yemek-icin-durusmaya-cagri-cocuklar-acliktan-bayiliyor\/","title":{"rendered":"Okullarda bir \u00f6\u011f\u00fcn \u00fccretsiz yemek i\u00e7in duru\u015fmaya \u00e7a\u011fr\u0131! &#8216;\u00c7ocuklar a\u00e7l\u0131ktan bay\u0131l\u0131yor&#8217;"},"content":{"rendered":"<p>2022 y\u0131l\u0131ndan beri s\u00fcren &#8220;Okullarda bir \u00f6\u011f\u00fcn \u00fccretsiz yemek&#8221; talebiyle ilgili hukuki s\u00fcre\u00e7 devam ediyor. Dayan\u0131\u015fma a\u011flar\u0131, Esenyal\u0131 Kad\u0131n Dayan\u0131\u015fma Derne\u011fi taraf\u0131ndan MEB&#8217;e a\u00e7\u0131lan davan\u0131n 3 Aral\u0131k&#8217;ta Ankara Dan\u0131\u015ftay 8. dairesinde g\u00f6r\u00fclecek duru\u015fmas\u0131na \u00e7a\u011fr\u0131 yapt\u0131. Konuya dair Cumhuriyet&#8217;e konu\u015fan Esenyal\u0131 Kad\u0131n Dayan\u0131\u015fma Derne\u011fi Ba\u015fkan\u0131 Adile Do\u011fan, &#8220;\u00e7ocuklar okullarda a\u00e7l\u0131ktan bay\u0131l\u0131yor&#8221; dedi.2022 y\u0131l\u0131ndan beri s\u00fcren &#8220;Okullarda bir \u00f6\u011f\u00fcn \u00fccretsiz yemek&#8221; talebiyle ilgili hukuki s\u00fcre\u00e7 devam ediyor. Dayan\u0131\u015fma a\u011flar\u0131, Esenyal\u0131 Kad\u0131n Dayan\u0131\u015fma Derne\u011fi taraf\u0131ndan MEB&#8217;e a\u00e7\u0131lan davan\u0131n 3 Aral\u0131k&#8217;ta Ankara Dan\u0131\u015ftay 8. dairesinde g\u00f6r\u00fclecek duru\u015fmas\u0131na \u00e7a\u011fr\u0131 yapt\u0131. Konuya dair Cumhuriyet&#8217;e konu\u015fan Esenyal\u0131 Kad\u0131n Dayan\u0131\u015fma Derne\u011fi Ba\u015fkan\u0131 Adile Do\u011fan, &#8220;\u00e7ocuklar okullarda a\u00e7l\u0131ktan bay\u0131l\u0131yor&#8221; dedi.\u00a0<a href=\"https:\/\/www.cumhuriyet.com.tr\/turkiye\/okullarda-bir-ogun-ucretsiz-yemek-icin-durusmaya-cagri-ogretmen-aglayarak-bize-basvurdu-2457529\" target=\"_blank\" class=\"feedzy-rss-link-icon\">Read More<\/a><\/p>","protected":false},"excerpt":{"rendered":"<p>2022 y\u0131l\u0131ndan beri s\u00fcren &#8220;Okullarda bir \u00f6\u011f\u00fcn \u00fccretsiz yemek&#8221; talebiyle ilgili hukuki s\u00fcre\u00e7 devam ediyor. Dayan\u0131\u015fma a\u011flar\u0131, Esenyal\u0131 Kad\u0131n Dayan\u0131\u015fma Derne\u011fi taraf\u0131ndan MEB&#8217;e a\u00e7\u0131lan davan\u0131n 3 Aral\u0131k&#8217;ta Ankara Dan\u0131\u015ftay 8. dairesinde g\u00f6r\u00fclecek duru\u015fmas\u0131na \u00e7a\u011fr\u0131 yapt\u0131. Konuya dair Cumhuriyet&#8217;e konu\u015fan Esenyal\u0131 Kad\u0131n Dayan\u0131\u015fma Derne\u011fi Ba\u015fkan\u0131 Adile Do\u011fan, &#8220;\u00e7ocuklar okullarda a\u00e7l\u0131ktan bay\u0131l\u0131yor&#8221; dedi.2022 y\u0131l\u0131ndan beri s\u00fcren &#8220;Okullarda [&hellip;]<\/p>\n","protected":false},"author":1,"featured_media":12574,"comment_status":"open","ping_status":"open","sticky":false,"template":"","format":"standard","meta":{"footnotes":"","_links_to":"","_links_to_target":""},"categories":[1],"tags":[],"class_list":["post-12573","post","type-post","status-publish","format-standard","has-post-thumbnail","hentry","category-haberler"],"_links":{"self":[{"href":"https:\/\/www.abchukuk.com\/index.php\/wp-json\/wp\/v2\/posts\/12573","targetHints":{"allow":["GET"]}}],"collection":[{"href":"https:\/\/www.abchukuk.com\/index.php\/wp-json\/wp\/v2\/posts"}],"about":[{"href":"https:\/\/www.abchukuk.com\/index.php\/wp-json\/wp\/v2\/types\/post"}],"author":[{"embeddable":true,"href":"https:\/\/www.abchukuk.com\/index.php\/wp-json\/wp\/v2\/users\/1"}],"replies":[{"embeddable":true,"href":"https:\/\/www.abchukuk.com\/index.php\/wp-json\/wp\/v2\/comments?post=12573"}],"version-history":[{"count":0,"href":"https:\/\/www.abchukuk.com\/index.php\/wp-json\/wp\/v2\/posts\/12573\/revisions"}],"wp:featuredmedia":[{"embeddable":true,"href":"https:\/\/www.abchukuk.com\/index.php\/wp-json\/wp\/v2\/media\/12574"}],"wp:attachment":[{"href":"https:\/\/www.abchukuk.com\/index.php\/wp-json\/wp\/v2\/media?parent=12573"}],"wp:term":[{"taxonomy":"category","embeddable":true,"href":"https:\/\/www.abchukuk.com\/index.php\/wp-json\/wp\/v2\/categories?post=12573"},{"taxonomy":"post_tag","embeddable":true,"href":"https:\/\/www.abchukuk.com\/index.php\/wp-json\/wp\/v2\/tags?post=12573"}],"curies":[{"name":"wp","href":"https:\/\/api.w.org\/{rel}","templated":true}]}}