{"id":12572,"date":"2025-12-01T12:31:44","date_gmt":"2025-12-01T12:31:44","guid":{"rendered":"https:\/\/www.abchukuk.com\/index.php\/2025\/12\/01\/yargitay-bosanma-gerekcesi-saydi-begeni-atmak-agir-kusur\/"},"modified":"2025-12-01T12:31:44","modified_gmt":"2025-12-01T12:31:44","slug":"yargitay-bosanma-gerekcesi-saydi-begeni-atmak-agir-kusur","status":"publish","type":"post","link":"https:\/\/www.abchukuk.com\/index.php\/2025\/12\/01\/yargitay-bosanma-gerekcesi-saydi-begeni-atmak-agir-kusur\/","title":{"rendered":"Yarg\u0131tay bo\u015fanma gerek\u00e7esi sayd\u0131: Be\u011feni atmak a\u011f\u0131r kusur"},"content":{"rendered":"<p>Yarg\u0131tay, sosyal medyada kar\u015f\u0131 cinse ait foto\u011fraflar\u0131 be\u011fenmenin \u201cg\u00fcven sars\u0131c\u0131 davran\u0131\u015f\u201d ve bo\u015fanma nedeni say\u0131lmas\u0131na h\u00fckmetti. Kayseri\u2019de g\u00f6r\u00fclen davada erke\u011fin sosyal medya be\u011fenileri \u201csadakat y\u00fck\u00fcml\u00fcl\u00fc\u011f\u00fcne ayk\u0131r\u0131l\u0131k\u201d olarak de\u011ferlendirildi.Yarg\u0131tay, sosyal medyada kar\u015f\u0131 cinse ait foto\u011fraflar\u0131 be\u011fenmenin \u201cg\u00fcven sars\u0131c\u0131 davran\u0131\u015f\u201d ve bo\u015fanma nedeni say\u0131lmas\u0131na h\u00fckmetti. Kayseri\u2019de g\u00f6r\u00fclen davada erke\u011fin sosyal medya be\u011fenileri \u201csadakat y\u00fck\u00fcml\u00fcl\u00fc\u011f\u00fcne ayk\u0131r\u0131l\u0131k\u201d olarak de\u011ferlendirildi.\u00a0<a href=\"https:\/\/anlatilaninotesi.com.tr\/20251201\/yargitaydan-ciftleri-ilgilendiren-karar-begeni-atmak-agir-kusur-1101448891.html\" target=\"_blank\" class=\"feedzy-rss-link-icon\">Read More<\/a><\/p>","protected":false},"excerpt":{"rendered":"<p>Yarg\u0131tay, sosyal medyada kar\u015f\u0131 cinse ait foto\u011fraflar\u0131 be\u011fenmenin \u201cg\u00fcven sars\u0131c\u0131 davran\u0131\u015f\u201d ve bo\u015fanma nedeni say\u0131lmas\u0131na h\u00fckmetti. Kayseri\u2019de g\u00f6r\u00fclen davada erke\u011fin sosyal medya be\u011fenileri \u201csadakat y\u00fck\u00fcml\u00fcl\u00fc\u011f\u00fcne ayk\u0131r\u0131l\u0131k\u201d olarak de\u011ferlendirildi.Yarg\u0131tay, sosyal medyada kar\u015f\u0131 cinse ait foto\u011fraflar\u0131 be\u011fenmenin \u201cg\u00fcven sars\u0131c\u0131 davran\u0131\u015f\u201d ve bo\u015fanma nedeni say\u0131lmas\u0131na h\u00fckmetti. Kayseri\u2019de g\u00f6r\u00fclen davada erke\u011fin sosyal medya be\u011fenileri \u201csadakat y\u00fck\u00fcml\u00fcl\u00fc\u011f\u00fcne ayk\u0131r\u0131l\u0131k\u201d olarak de\u011ferlendirildi.\u00a0Read [&hellip;]<\/p>\n","protected":false},"author":1,"featured_media":0,"comment_status":"open","ping_status":"open","sticky":false,"template":"","format":"standard","meta":{"footnotes":"","_links_to":"","_links_to_target":""},"categories":[1],"tags":[],"class_list":["post-12572","post","type-post","status-publish","format-standard","hentry","category-haberler"],"_links":{"self":[{"href":"https:\/\/www.abchukuk.com\/index.php\/wp-json\/wp\/v2\/posts\/12572","targetHints":{"allow":["GET"]}}],"collection":[{"href":"https:\/\/www.abchukuk.com\/index.php\/wp-json\/wp\/v2\/posts"}],"about":[{"href":"https:\/\/www.abchukuk.com\/index.php\/wp-json\/wp\/v2\/types\/post"}],"author":[{"embeddable":true,"href":"https:\/\/www.abchukuk.com\/index.php\/wp-json\/wp\/v2\/users\/1"}],"replies":[{"embeddable":true,"href":"https:\/\/www.abchukuk.com\/index.php\/wp-json\/wp\/v2\/comments?post=12572"}],"version-history":[{"count":0,"href":"https:\/\/www.abchukuk.com\/index.php\/wp-json\/wp\/v2\/posts\/12572\/revisions"}],"wp:attachment":[{"href":"https:\/\/www.abchukuk.com\/index.php\/wp-json\/wp\/v2\/media?parent=12572"}],"wp:term":[{"taxonomy":"category","embeddable":true,"href":"https:\/\/www.abchukuk.com\/index.php\/wp-json\/wp\/v2\/categories?post=12572"},{"taxonomy":"post_tag","embeddable":true,"href":"https:\/\/www.abchukuk.com\/index.php\/wp-json\/wp\/v2\/tags?post=12572"}],"curies":[{"name":"wp","href":"https:\/\/api.w.org\/{rel}","templated":true}]}}