{"id":12570,"date":"2025-12-01T11:13:00","date_gmt":"2025-12-01T11:13:00","guid":{"rendered":"https:\/\/www.abchukuk.com\/index.php\/2025\/12\/01\/ingiltere-milletvekili-yolsuzluk-suclamasiyla-hapse-mahkum-edildi\/"},"modified":"2025-12-01T11:13:00","modified_gmt":"2025-12-01T11:13:00","slug":"ingiltere-milletvekili-yolsuzluk-suclamasiyla-hapse-mahkum-edildi","status":"publish","type":"post","link":"https:\/\/www.abchukuk.com\/index.php\/2025\/12\/01\/ingiltere-milletvekili-yolsuzluk-suclamasiyla-hapse-mahkum-edildi\/","title":{"rendered":"\u0130ngiltere milletvekili &#8216;yolsuzluk&#8217; su\u00e7lamas\u0131yla hapse mahk\u00fbm edildi"},"content":{"rendered":"<p>\u0130ngiltere \u0130\u015f\u00e7i Partisi Milletvekili Tulip Siddiq, Banglade\u015f\u2019te g\u0131yab\u0131nda yarg\u0131land\u0131\u011f\u0131 davada yolsuzluk su\u00e7lamas\u0131yla iki y\u0131l hapse mahk\u00fbm edildi. Siddiq, karar\u0131 \u201csiyasi intikam\u0131n par\u00e7as\u0131\u201d olarak nitelendirirdi.\u0130ngiltere \u0130\u015f\u00e7i Partisi Milletvekili Tulip Siddiq, Banglade\u015f\u2019te g\u0131yab\u0131nda yarg\u0131land\u0131\u011f\u0131 davada yolsuzluk su\u00e7lamas\u0131yla iki y\u0131l hapse mahk\u00fbm edildi. Siddiq, karar\u0131 \u201csiyasi intikam\u0131n par\u00e7as\u0131\u201d olarak nitelendirirdi.\u00a0<a href=\"https:\/\/www.cumhuriyet.com.tr\/dunya\/ingiltere-milletvekili-yolsuzluk-suclamasiyla-hapse-mahkum-edildi-2457509\" target=\"_blank\" class=\"feedzy-rss-link-icon\">Read More<\/a><\/p>","protected":false},"excerpt":{"rendered":"<p>\u0130ngiltere \u0130\u015f\u00e7i Partisi Milletvekili Tulip Siddiq, Banglade\u015f\u2019te g\u0131yab\u0131nda yarg\u0131land\u0131\u011f\u0131 davada yolsuzluk su\u00e7lamas\u0131yla iki y\u0131l hapse mahk\u00fbm edildi. Siddiq, karar\u0131 \u201csiyasi intikam\u0131n par\u00e7as\u0131\u201d olarak nitelendirirdi.\u0130ngiltere \u0130\u015f\u00e7i Partisi Milletvekili Tulip Siddiq, Banglade\u015f\u2019te g\u0131yab\u0131nda yarg\u0131land\u0131\u011f\u0131 davada yolsuzluk su\u00e7lamas\u0131yla iki y\u0131l hapse mahk\u00fbm edildi. Siddiq, karar\u0131 \u201csiyasi intikam\u0131n par\u00e7as\u0131\u201d olarak nitelendirirdi.\u00a0Read More<\/p>\n","protected":false},"author":1,"featured_media":12571,"comment_status":"open","ping_status":"open","sticky":false,"template":"","format":"standard","meta":{"footnotes":"","_links_to":"","_links_to_target":""},"categories":[1],"tags":[],"class_list":["post-12570","post","type-post","status-publish","format-standard","has-post-thumbnail","hentry","category-haberler"],"_links":{"self":[{"href":"https:\/\/www.abchukuk.com\/index.php\/wp-json\/wp\/v2\/posts\/12570","targetHints":{"allow":["GET"]}}],"collection":[{"href":"https:\/\/www.abchukuk.com\/index.php\/wp-json\/wp\/v2\/posts"}],"about":[{"href":"https:\/\/www.abchukuk.com\/index.php\/wp-json\/wp\/v2\/types\/post"}],"author":[{"embeddable":true,"href":"https:\/\/www.abchukuk.com\/index.php\/wp-json\/wp\/v2\/users\/1"}],"replies":[{"embeddable":true,"href":"https:\/\/www.abchukuk.com\/index.php\/wp-json\/wp\/v2\/comments?post=12570"}],"version-history":[{"count":0,"href":"https:\/\/www.abchukuk.com\/index.php\/wp-json\/wp\/v2\/posts\/12570\/revisions"}],"wp:featuredmedia":[{"embeddable":true,"href":"https:\/\/www.abchukuk.com\/index.php\/wp-json\/wp\/v2\/media\/12571"}],"wp:attachment":[{"href":"https:\/\/www.abchukuk.com\/index.php\/wp-json\/wp\/v2\/media?parent=12570"}],"wp:term":[{"taxonomy":"category","embeddable":true,"href":"https:\/\/www.abchukuk.com\/index.php\/wp-json\/wp\/v2\/categories?post=12570"},{"taxonomy":"post_tag","embeddable":true,"href":"https:\/\/www.abchukuk.com\/index.php\/wp-json\/wp\/v2\/tags?post=12570"}],"curies":[{"name":"wp","href":"https:\/\/api.w.org\/{rel}","templated":true}]}}