{"id":12566,"date":"2025-12-01T10:11:00","date_gmt":"2025-12-01T10:11:00","guid":{"rendered":"https:\/\/www.abchukuk.com\/index.php\/2025\/12\/01\/6-subat-depremlerinde-yakinlarini-kaybedenlerden-11-yargi-paketi-cagrisi-deprem-saniklari-muaf-tutulsun\/"},"modified":"2025-12-01T10:11:00","modified_gmt":"2025-12-01T10:11:00","slug":"6-subat-depremlerinde-yakinlarini-kaybedenlerden-11-yargi-paketi-cagrisi-deprem-saniklari-muaf-tutulsun","status":"publish","type":"post","link":"https:\/\/www.abchukuk.com\/index.php\/2025\/12\/01\/6-subat-depremlerinde-yakinlarini-kaybedenlerden-11-yargi-paketi-cagrisi-deprem-saniklari-muaf-tutulsun\/","title":{"rendered":"6 \u015eubat depremlerinde yak\u0131nlar\u0131n\u0131 kaybedenlerden &#8217;11. Yarg\u0131 Paketi&#8217; \u00e7a\u011fr\u0131s\u0131: &#8216;Deprem san\u0131klar\u0131 muaf tutulsun!&#8217;"},"content":{"rendered":"<p>6 \u015eubat depremlerinde yak\u0131nlar\u0131n\u0131 kaybedenler, 11. Yarg\u0131 Paketi kapsam\u0131nda cezaevinden kademeli olarak 115 bin ki\u015finin tahliye edilece\u011fi iddias\u0131 \u00fczerine, TBMM Adalet Komisyonu&#8217;na, milletvekillerine ve Adalet Bakan\u0131 Y\u0131lmaz Tun\u00e7&#8217;a \u00e7a\u011fr\u0131da bulundu. Aileler, deprem davalar\u0131nda yarg\u0131lananlar\u0131n bu d\u00fczenlemenin d\u0131\u015f\u0131nda b\u0131rak\u0131lmas\u0131n\u0131 istiyor.6 \u015eubat depremlerinde yak\u0131nlar\u0131n\u0131 kaybedenler, 11. Yarg\u0131 Paketi kapsam\u0131nda cezaevinden kademeli olarak 115 bin ki\u015finin tahliye edilece\u011fi iddias\u0131 \u00fczerine, TBMM Adalet Komisyonu&#8217;na, milletvekillerine ve Adalet Bakan\u0131 Y\u0131lmaz Tun\u00e7&#8217;a \u00e7a\u011fr\u0131da bulundu. Aileler, deprem davalar\u0131nda yarg\u0131lananlar\u0131n bu d\u00fczenlemenin d\u0131\u015f\u0131nda b\u0131rak\u0131lmas\u0131n\u0131 istiyor.\u00a0<a href=\"https:\/\/www.cumhuriyet.com.tr\/turkiye\/6-subat-depremlerinde-yakinlarini-kaybedenlerden-11-yargi-paketi-cagrisi-deprem-saniklari-muaf-tutulsun-2457490\" target=\"_blank\" class=\"feedzy-rss-link-icon\">Read More<\/a><\/p>","protected":false},"excerpt":{"rendered":"<p>6 \u015eubat depremlerinde yak\u0131nlar\u0131n\u0131 kaybedenler, 11. Yarg\u0131 Paketi kapsam\u0131nda cezaevinden kademeli olarak 115 bin ki\u015finin tahliye edilece\u011fi iddias\u0131 \u00fczerine, TBMM Adalet Komisyonu&#8217;na, milletvekillerine ve Adalet Bakan\u0131 Y\u0131lmaz Tun\u00e7&#8217;a \u00e7a\u011fr\u0131da bulundu. Aileler, deprem davalar\u0131nda yarg\u0131lananlar\u0131n bu d\u00fczenlemenin d\u0131\u015f\u0131nda b\u0131rak\u0131lmas\u0131n\u0131 istiyor.6 \u015eubat depremlerinde yak\u0131nlar\u0131n\u0131 kaybedenler, 11. Yarg\u0131 Paketi kapsam\u0131nda cezaevinden kademeli olarak 115 bin ki\u015finin tahliye edilece\u011fi [&hellip;]<\/p>\n","protected":false},"author":1,"featured_media":12567,"comment_status":"open","ping_status":"open","sticky":false,"template":"","format":"standard","meta":{"footnotes":"","_links_to":"","_links_to_target":""},"categories":[1],"tags":[],"class_list":["post-12566","post","type-post","status-publish","format-standard","has-post-thumbnail","hentry","category-haberler"],"_links":{"self":[{"href":"https:\/\/www.abchukuk.com\/index.php\/wp-json\/wp\/v2\/posts\/12566","targetHints":{"allow":["GET"]}}],"collection":[{"href":"https:\/\/www.abchukuk.com\/index.php\/wp-json\/wp\/v2\/posts"}],"about":[{"href":"https:\/\/www.abchukuk.com\/index.php\/wp-json\/wp\/v2\/types\/post"}],"author":[{"embeddable":true,"href":"https:\/\/www.abchukuk.com\/index.php\/wp-json\/wp\/v2\/users\/1"}],"replies":[{"embeddable":true,"href":"https:\/\/www.abchukuk.com\/index.php\/wp-json\/wp\/v2\/comments?post=12566"}],"version-history":[{"count":0,"href":"https:\/\/www.abchukuk.com\/index.php\/wp-json\/wp\/v2\/posts\/12566\/revisions"}],"wp:featuredmedia":[{"embeddable":true,"href":"https:\/\/www.abchukuk.com\/index.php\/wp-json\/wp\/v2\/media\/12567"}],"wp:attachment":[{"href":"https:\/\/www.abchukuk.com\/index.php\/wp-json\/wp\/v2\/media?parent=12566"}],"wp:term":[{"taxonomy":"category","embeddable":true,"href":"https:\/\/www.abchukuk.com\/index.php\/wp-json\/wp\/v2\/categories?post=12566"},{"taxonomy":"post_tag","embeddable":true,"href":"https:\/\/www.abchukuk.com\/index.php\/wp-json\/wp\/v2\/tags?post=12566"}],"curies":[{"name":"wp","href":"https:\/\/api.w.org\/{rel}","templated":true}]}}