{"id":12561,"date":"2025-12-01T09:22:00","date_gmt":"2025-12-01T09:22:00","guid":{"rendered":"https:\/\/www.abchukuk.com\/index.php\/2025\/12\/01\/ailesini-oldurmekten-supheliydi-doktor-cezaevinde-intihar-etti\/"},"modified":"2025-12-01T09:22:00","modified_gmt":"2025-12-01T09:22:00","slug":"ailesini-oldurmekten-supheliydi-doktor-cezaevinde-intihar-etti","status":"publish","type":"post","link":"https:\/\/www.abchukuk.com\/index.php\/2025\/12\/01\/ailesini-oldurmekten-supheliydi-doktor-cezaevinde-intihar-etti\/","title":{"rendered":"Ailesini \u00f6ld\u00fcrmekten \u015f\u00fcpheliydi: Doktor cezaevinde intihar etti!"},"content":{"rendered":"<p>Samsun\u2019un Bafra il\u00e7esinde K\u0131z\u0131l\u0131rmak Nehri&#8217;ne u\u00e7an otomobilde G\u00fcl\u015fah Karaman K\u0131yak (34) ile o\u011flu Poyraz\u2019\u0131n (1) \u00f6l\u00fcm\u00fcne ili\u015fkin &#8216;Tasarlayarak kasten \u00f6ld\u00fcrme&#8217; su\u00e7undan tutuklanan Dr. Serdar K\u0131yak, Elaz\u0131\u011f\u2019da tutuklu bulundu\u011fu cezaevinde kendini havaland\u0131rma penceresinin korkuluklar\u0131na ast\u0131. \u0130nfaz koruma memurlar\u0131n\u0131n m\u00fcdahale etti\u011fi K\u0131yak, g\u00f6t\u00fcr\u00fcld\u00fc\u011f\u00fc cezaevi semt poliklini\u011finde ya\u015fam\u0131n\u0131 yitirdi.Samsun\u2019un Bafra il\u00e7esinde K\u0131z\u0131l\u0131rmak Nehri&#8217;ne u\u00e7an otomobilde G\u00fcl\u015fah Karaman K\u0131yak (34) ile o\u011flu Poyraz\u2019\u0131n (1) \u00f6l\u00fcm\u00fcne ili\u015fkin &#8216;Tasarlayarak kasten \u00f6ld\u00fcrme&#8217; su\u00e7undan tutuklanan Dr. Serdar K\u0131yak, Elaz\u0131\u011f\u2019da tutuklu bulundu\u011fu cezaevinde kendini havaland\u0131rma penceresinin korkuluklar\u0131na ast\u0131. \u0130nfaz koruma memurlar\u0131n\u0131n m\u00fcdahale etti\u011fi K\u0131yak, g\u00f6t\u00fcr\u00fcld\u00fc\u011f\u00fc cezaevi semt poliklini\u011finde ya\u015fam\u0131n\u0131 yitirdi.\u00a0<a href=\"https:\/\/www.cumhuriyet.com.tr\/turkiye\/ailesini-oldurmekten-supheliydi-cezaevinde-intihar-etti-2457471\" target=\"_blank\" class=\"feedzy-rss-link-icon\">Read More<\/a><\/p>","protected":false},"excerpt":{"rendered":"<p>Samsun\u2019un Bafra il\u00e7esinde K\u0131z\u0131l\u0131rmak Nehri&#8217;ne u\u00e7an otomobilde G\u00fcl\u015fah Karaman K\u0131yak (34) ile o\u011flu Poyraz\u2019\u0131n (1) \u00f6l\u00fcm\u00fcne ili\u015fkin &#8216;Tasarlayarak kasten \u00f6ld\u00fcrme&#8217; su\u00e7undan tutuklanan Dr. Serdar K\u0131yak, Elaz\u0131\u011f\u2019da tutuklu bulundu\u011fu cezaevinde kendini havaland\u0131rma penceresinin korkuluklar\u0131na ast\u0131. \u0130nfaz koruma memurlar\u0131n\u0131n m\u00fcdahale etti\u011fi K\u0131yak, g\u00f6t\u00fcr\u00fcld\u00fc\u011f\u00fc cezaevi semt poliklini\u011finde ya\u015fam\u0131n\u0131 yitirdi.Samsun\u2019un Bafra il\u00e7esinde K\u0131z\u0131l\u0131rmak Nehri&#8217;ne u\u00e7an otomobilde G\u00fcl\u015fah Karaman K\u0131yak [&hellip;]<\/p>\n","protected":false},"author":1,"featured_media":12562,"comment_status":"open","ping_status":"open","sticky":false,"template":"","format":"standard","meta":{"footnotes":"","_links_to":"","_links_to_target":""},"categories":[1],"tags":[],"class_list":["post-12561","post","type-post","status-publish","format-standard","has-post-thumbnail","hentry","category-haberler"],"_links":{"self":[{"href":"https:\/\/www.abchukuk.com\/index.php\/wp-json\/wp\/v2\/posts\/12561","targetHints":{"allow":["GET"]}}],"collection":[{"href":"https:\/\/www.abchukuk.com\/index.php\/wp-json\/wp\/v2\/posts"}],"about":[{"href":"https:\/\/www.abchukuk.com\/index.php\/wp-json\/wp\/v2\/types\/post"}],"author":[{"embeddable":true,"href":"https:\/\/www.abchukuk.com\/index.php\/wp-json\/wp\/v2\/users\/1"}],"replies":[{"embeddable":true,"href":"https:\/\/www.abchukuk.com\/index.php\/wp-json\/wp\/v2\/comments?post=12561"}],"version-history":[{"count":0,"href":"https:\/\/www.abchukuk.com\/index.php\/wp-json\/wp\/v2\/posts\/12561\/revisions"}],"wp:featuredmedia":[{"embeddable":true,"href":"https:\/\/www.abchukuk.com\/index.php\/wp-json\/wp\/v2\/media\/12562"}],"wp:attachment":[{"href":"https:\/\/www.abchukuk.com\/index.php\/wp-json\/wp\/v2\/media?parent=12561"}],"wp:term":[{"taxonomy":"category","embeddable":true,"href":"https:\/\/www.abchukuk.com\/index.php\/wp-json\/wp\/v2\/categories?post=12561"},{"taxonomy":"post_tag","embeddable":true,"href":"https:\/\/www.abchukuk.com\/index.php\/wp-json\/wp\/v2\/tags?post=12561"}],"curies":[{"name":"wp","href":"https:\/\/api.w.org\/{rel}","templated":true}]}}