{"id":12560,"date":"2025-12-01T09:32:25","date_gmt":"2025-12-01T09:32:25","guid":{"rendered":"https:\/\/www.abchukuk.com\/index.php\/2025\/12\/01\/arabayi-kizilirmaka-surerek-esini-ve-oglunu-oldurdugu-iddia-edilen-doktor-cezaevinde-olu-bulundu\/"},"modified":"2025-12-01T09:32:25","modified_gmt":"2025-12-01T09:32:25","slug":"arabayi-kizilirmaka-surerek-esini-ve-oglunu-oldurdugu-iddia-edilen-doktor-cezaevinde-olu-bulundu","status":"publish","type":"post","link":"https:\/\/www.abchukuk.com\/index.php\/2025\/12\/01\/arabayi-kizilirmaka-surerek-esini-ve-oglunu-oldurdugu-iddia-edilen-doktor-cezaevinde-olu-bulundu\/","title":{"rendered":"Arabay\u0131 K\u0131z\u0131l\u0131rmak&#8217;a s\u00fcrerek e\u015fini ve o\u011flunu \u00f6ld\u00fcrd\u00fc\u011f\u00fc iddia edilen doktor cezaevinde \u00f6l\u00fc bulundu"},"content":{"rendered":"<p>Samsun&#8217;da e\u015finin ve o\u011flunun da i\u00e7inde bulundu\u011fu arac\u0131 K\u0131z\u0131l\u0131rmak&#8217;a s\u00fcrerek \u00f6l\u00fcmlerine neden oldu\u011fu iddias\u0131yla tutuklanan Dr. Serdar K\u0131yak, kald\u0131\u011f\u0131 cezaevinde \u00f6l\u00fc bulundu.Samsun&#8217;da e\u015finin ve o\u011flunun da i\u00e7inde bulundu\u011fu arac\u0131 K\u0131z\u0131l\u0131rmak&#8217;a s\u00fcrerek \u00f6l\u00fcmlerine neden oldu\u011fu iddias\u0131yla tutuklanan Dr. Serdar K\u0131yak, kald\u0131\u011f\u0131 cezaevinde \u00f6l\u00fc bulundu.\u00a0<a href=\"https:\/\/anlatilaninotesi.com.tr\/20251201\/arabayi-kizilirmaka-surerek-esini-ve-oglunu-oldurdugu-iddia-edilen-doktor-cezaevinde-olu-bulundu-1101443661.html\" target=\"_blank\" class=\"feedzy-rss-link-icon\">Read More<\/a><\/p>","protected":false},"excerpt":{"rendered":"<p>Samsun&#8217;da e\u015finin ve o\u011flunun da i\u00e7inde bulundu\u011fu arac\u0131 K\u0131z\u0131l\u0131rmak&#8217;a s\u00fcrerek \u00f6l\u00fcmlerine neden oldu\u011fu iddias\u0131yla tutuklanan Dr. Serdar K\u0131yak, kald\u0131\u011f\u0131 cezaevinde \u00f6l\u00fc bulundu.Samsun&#8217;da e\u015finin ve o\u011flunun da i\u00e7inde bulundu\u011fu arac\u0131 K\u0131z\u0131l\u0131rmak&#8217;a s\u00fcrerek \u00f6l\u00fcmlerine neden oldu\u011fu iddias\u0131yla tutuklanan Dr. Serdar K\u0131yak, kald\u0131\u011f\u0131 cezaevinde \u00f6l\u00fc bulundu.\u00a0Read More<\/p>\n","protected":false},"author":1,"featured_media":0,"comment_status":"open","ping_status":"open","sticky":false,"template":"","format":"standard","meta":{"footnotes":"","_links_to":"","_links_to_target":""},"categories":[1],"tags":[],"class_list":["post-12560","post","type-post","status-publish","format-standard","hentry","category-haberler"],"_links":{"self":[{"href":"https:\/\/www.abchukuk.com\/index.php\/wp-json\/wp\/v2\/posts\/12560","targetHints":{"allow":["GET"]}}],"collection":[{"href":"https:\/\/www.abchukuk.com\/index.php\/wp-json\/wp\/v2\/posts"}],"about":[{"href":"https:\/\/www.abchukuk.com\/index.php\/wp-json\/wp\/v2\/types\/post"}],"author":[{"embeddable":true,"href":"https:\/\/www.abchukuk.com\/index.php\/wp-json\/wp\/v2\/users\/1"}],"replies":[{"embeddable":true,"href":"https:\/\/www.abchukuk.com\/index.php\/wp-json\/wp\/v2\/comments?post=12560"}],"version-history":[{"count":0,"href":"https:\/\/www.abchukuk.com\/index.php\/wp-json\/wp\/v2\/posts\/12560\/revisions"}],"wp:attachment":[{"href":"https:\/\/www.abchukuk.com\/index.php\/wp-json\/wp\/v2\/media?parent=12560"}],"wp:term":[{"taxonomy":"category","embeddable":true,"href":"https:\/\/www.abchukuk.com\/index.php\/wp-json\/wp\/v2\/categories?post=12560"},{"taxonomy":"post_tag","embeddable":true,"href":"https:\/\/www.abchukuk.com\/index.php\/wp-json\/wp\/v2\/tags?post=12560"}],"curies":[{"name":"wp","href":"https:\/\/api.w.org\/{rel}","templated":true}]}}