{"id":12559,"date":"2025-12-01T09:32:53","date_gmt":"2025-12-01T09:32:53","guid":{"rendered":"https:\/\/www.abchukuk.com\/index.php\/2025\/12\/01\/abd-ic-guvenlik-bakani-mahkeme-kararina-ragmen-venezuella-gocmenlerinin-sinir-disi-edilmesini-onayladi\/"},"modified":"2025-12-01T09:32:53","modified_gmt":"2025-12-01T09:32:53","slug":"abd-ic-guvenlik-bakani-mahkeme-kararina-ragmen-venezuella-gocmenlerinin-sinir-disi-edilmesini-onayladi","status":"publish","type":"post","link":"https:\/\/www.abchukuk.com\/index.php\/2025\/12\/01\/abd-ic-guvenlik-bakani-mahkeme-kararina-ragmen-venezuella-gocmenlerinin-sinir-disi-edilmesini-onayladi\/","title":{"rendered":"ABD \u0130\u00e7 G\u00fcvenlik Bakan\u0131, mahkeme karar\u0131na ra\u011fmen Venez\u00fcella g\u00f6\u00e7menlerinin s\u0131n\u0131r d\u0131\u015f\u0131 edilmesini onaylad\u0131"},"content":{"rendered":"<p>ABD \u0130\u00e7 G\u00fcvenlik Bakan\u0131 Kristi Noem, mahkeme engeline ra\u011fmen Venez\u00fcella k\u00f6kenli g\u00f6\u00e7menlerin El Salvador\u2019a s\u0131n\u0131r d\u0131\u015f\u0131 edilmesi talimat\u0131n\u0131 verdi\u011fini do\u011frulad\u0131. Federal yarg\u0131\u00e7lar\u0131n, daha \u00f6nce durdurma y\u00f6n\u00fcndeki karar\u0131na ra\u011fmen karar\u0131n uygulamaya kondu\u011fu aktar\u0131ld\u0131.ABD \u0130\u00e7 G\u00fcvenlik Bakan\u0131 Kristi Noem, mahkeme engeline ra\u011fmen Venez\u00fcella k\u00f6kenli g\u00f6\u00e7menlerin El Salvador\u2019a s\u0131n\u0131r d\u0131\u015f\u0131 edilmesi talimat\u0131n\u0131 verdi\u011fini do\u011frulad\u0131. Federal yarg\u0131\u00e7lar\u0131n, daha \u00f6nce durdurma y\u00f6n\u00fcndeki karar\u0131na ra\u011fmen karar\u0131n uygulamaya kondu\u011fu aktar\u0131ld\u0131.\u00a0<a href=\"https:\/\/anlatilaninotesi.com.tr\/20251201\/abd-ic-guvenlik-bakani-mahkeme-kararina-ragmen-venezuella-gocmenlerinin-sinir-disi-edilmesini-1101443801.html\" target=\"_blank\" class=\"feedzy-rss-link-icon\">Read More<\/a><\/p>","protected":false},"excerpt":{"rendered":"<p>ABD \u0130\u00e7 G\u00fcvenlik Bakan\u0131 Kristi Noem, mahkeme engeline ra\u011fmen Venez\u00fcella k\u00f6kenli g\u00f6\u00e7menlerin El Salvador\u2019a s\u0131n\u0131r d\u0131\u015f\u0131 edilmesi talimat\u0131n\u0131 verdi\u011fini do\u011frulad\u0131. Federal yarg\u0131\u00e7lar\u0131n, daha \u00f6nce durdurma y\u00f6n\u00fcndeki karar\u0131na ra\u011fmen karar\u0131n uygulamaya kondu\u011fu aktar\u0131ld\u0131.ABD \u0130\u00e7 G\u00fcvenlik Bakan\u0131 Kristi Noem, mahkeme engeline ra\u011fmen Venez\u00fcella k\u00f6kenli g\u00f6\u00e7menlerin El Salvador\u2019a s\u0131n\u0131r d\u0131\u015f\u0131 edilmesi talimat\u0131n\u0131 verdi\u011fini do\u011frulad\u0131. Federal yarg\u0131\u00e7lar\u0131n, daha \u00f6nce [&hellip;]<\/p>\n","protected":false},"author":1,"featured_media":0,"comment_status":"open","ping_status":"open","sticky":false,"template":"","format":"standard","meta":{"footnotes":"","_links_to":"","_links_to_target":""},"categories":[1],"tags":[],"class_list":["post-12559","post","type-post","status-publish","format-standard","hentry","category-haberler"],"_links":{"self":[{"href":"https:\/\/www.abchukuk.com\/index.php\/wp-json\/wp\/v2\/posts\/12559","targetHints":{"allow":["GET"]}}],"collection":[{"href":"https:\/\/www.abchukuk.com\/index.php\/wp-json\/wp\/v2\/posts"}],"about":[{"href":"https:\/\/www.abchukuk.com\/index.php\/wp-json\/wp\/v2\/types\/post"}],"author":[{"embeddable":true,"href":"https:\/\/www.abchukuk.com\/index.php\/wp-json\/wp\/v2\/users\/1"}],"replies":[{"embeddable":true,"href":"https:\/\/www.abchukuk.com\/index.php\/wp-json\/wp\/v2\/comments?post=12559"}],"version-history":[{"count":0,"href":"https:\/\/www.abchukuk.com\/index.php\/wp-json\/wp\/v2\/posts\/12559\/revisions"}],"wp:attachment":[{"href":"https:\/\/www.abchukuk.com\/index.php\/wp-json\/wp\/v2\/media?parent=12559"}],"wp:term":[{"taxonomy":"category","embeddable":true,"href":"https:\/\/www.abchukuk.com\/index.php\/wp-json\/wp\/v2\/categories?post=12559"},{"taxonomy":"post_tag","embeddable":true,"href":"https:\/\/www.abchukuk.com\/index.php\/wp-json\/wp\/v2\/tags?post=12559"}],"curies":[{"name":"wp","href":"https:\/\/api.w.org\/{rel}","templated":true}]}}