{"id":12555,"date":"2025-12-01T08:42:00","date_gmt":"2025-12-01T08:42:00","guid":{"rendered":"https:\/\/www.abchukuk.com\/index.php\/2025\/12\/01\/azerbaycanda-muhalefet-lideri-gozaltina-alindi\/"},"modified":"2025-12-01T08:42:00","modified_gmt":"2025-12-01T08:42:00","slug":"azerbaycanda-muhalefet-lideri-gozaltina-alindi","status":"publish","type":"post","link":"https:\/\/www.abchukuk.com\/index.php\/2025\/12\/01\/azerbaycanda-muhalefet-lideri-gozaltina-alindi\/","title":{"rendered":"Azerbaycan\u2019da muhalefet lideri g\u00f6zalt\u0131na al\u0131nd\u0131"},"content":{"rendered":"<p>Azerbaycan Halk Cephesi Partisi Genel Ba\u015fkan\u0131 Ali Kerimli\u2019nin g\u00fcvenlik g\u00fc\u00e7lerince g\u00f6zalt\u0131na al\u0131nd\u0131\u011f\u0131 bildirildi. Kerimli\u2019nin dan\u0131\u015fman\u0131 Fuad Gahramanl\u0131, Kerimli\u2019nin telefonlar\u0131na ula\u015f\u0131lamad\u0131\u011f\u0131n\u0131 ve evinde arama yap\u0131ld\u0131\u011f\u0131n\u0131 duyurdu.Azerbaycan Halk Cephesi Partisi Genel Ba\u015fkan\u0131 Ali Kerimli\u2019nin g\u00fcvenlik g\u00fc\u00e7lerince g\u00f6zalt\u0131na al\u0131nd\u0131\u011f\u0131 bildirildi. Kerimli\u2019nin dan\u0131\u015fman\u0131 Fuad Gahramanl\u0131, Kerimli\u2019nin telefonlar\u0131na ula\u015f\u0131lamad\u0131\u011f\u0131n\u0131 ve evinde arama yap\u0131ld\u0131\u011f\u0131n\u0131 duyurdu.\u00a0<a href=\"https:\/\/www.cumhuriyet.com.tr\/dunya\/azerbaycan-da-muhalefet-lideri-gozaltina-alindi-2457445\" target=\"_blank\" class=\"feedzy-rss-link-icon\">Read More<\/a><\/p>","protected":false},"excerpt":{"rendered":"<p>Azerbaycan Halk Cephesi Partisi Genel Ba\u015fkan\u0131 Ali Kerimli\u2019nin g\u00fcvenlik g\u00fc\u00e7lerince g\u00f6zalt\u0131na al\u0131nd\u0131\u011f\u0131 bildirildi. Kerimli\u2019nin dan\u0131\u015fman\u0131 Fuad Gahramanl\u0131, Kerimli\u2019nin telefonlar\u0131na ula\u015f\u0131lamad\u0131\u011f\u0131n\u0131 ve evinde arama yap\u0131ld\u0131\u011f\u0131n\u0131 duyurdu.Azerbaycan Halk Cephesi Partisi Genel Ba\u015fkan\u0131 Ali Kerimli\u2019nin g\u00fcvenlik g\u00fc\u00e7lerince g\u00f6zalt\u0131na al\u0131nd\u0131\u011f\u0131 bildirildi. Kerimli\u2019nin dan\u0131\u015fman\u0131 Fuad Gahramanl\u0131, Kerimli\u2019nin telefonlar\u0131na ula\u015f\u0131lamad\u0131\u011f\u0131n\u0131 ve evinde arama yap\u0131ld\u0131\u011f\u0131n\u0131 duyurdu.\u00a0Read More<\/p>\n","protected":false},"author":1,"featured_media":12556,"comment_status":"open","ping_status":"open","sticky":false,"template":"","format":"standard","meta":{"footnotes":"","_links_to":"","_links_to_target":""},"categories":[1],"tags":[],"class_list":["post-12555","post","type-post","status-publish","format-standard","has-post-thumbnail","hentry","category-haberler"],"_links":{"self":[{"href":"https:\/\/www.abchukuk.com\/index.php\/wp-json\/wp\/v2\/posts\/12555","targetHints":{"allow":["GET"]}}],"collection":[{"href":"https:\/\/www.abchukuk.com\/index.php\/wp-json\/wp\/v2\/posts"}],"about":[{"href":"https:\/\/www.abchukuk.com\/index.php\/wp-json\/wp\/v2\/types\/post"}],"author":[{"embeddable":true,"href":"https:\/\/www.abchukuk.com\/index.php\/wp-json\/wp\/v2\/users\/1"}],"replies":[{"embeddable":true,"href":"https:\/\/www.abchukuk.com\/index.php\/wp-json\/wp\/v2\/comments?post=12555"}],"version-history":[{"count":0,"href":"https:\/\/www.abchukuk.com\/index.php\/wp-json\/wp\/v2\/posts\/12555\/revisions"}],"wp:featuredmedia":[{"embeddable":true,"href":"https:\/\/www.abchukuk.com\/index.php\/wp-json\/wp\/v2\/media\/12556"}],"wp:attachment":[{"href":"https:\/\/www.abchukuk.com\/index.php\/wp-json\/wp\/v2\/media?parent=12555"}],"wp:term":[{"taxonomy":"category","embeddable":true,"href":"https:\/\/www.abchukuk.com\/index.php\/wp-json\/wp\/v2\/categories?post=12555"},{"taxonomy":"post_tag","embeddable":true,"href":"https:\/\/www.abchukuk.com\/index.php\/wp-json\/wp\/v2\/tags?post=12555"}],"curies":[{"name":"wp","href":"https:\/\/api.w.org\/{rel}","templated":true}]}}