{"id":12547,"date":"2025-12-01T07:33:00","date_gmt":"2025-12-01T07:33:00","guid":{"rendered":"https:\/\/www.abchukuk.com\/index.php\/2025\/12\/01\/yandastan-al-haberi-ibb-operasyonunda-savci-iddiasi-ifadesi-alindi\/"},"modified":"2025-12-01T07:33:00","modified_gmt":"2025-12-01T07:33:00","slug":"yandastan-al-haberi-ibb-operasyonunda-savci-iddiasi-ifadesi-alindi","status":"publish","type":"post","link":"https:\/\/www.abchukuk.com\/index.php\/2025\/12\/01\/yandastan-al-haberi-ibb-operasyonunda-savci-iddiasi-ifadesi-alindi\/","title":{"rendered":"Yanda\u015ftan al haberi&#8230; \u0130BB operasyonunda &#8216;savc\u0131&#8217; iddias\u0131: \u0130fadesi al\u0131nd\u0131"},"content":{"rendered":"<p>\u0130BB&#8217;ye y\u00f6nelik y\u00fcr\u00fct\u00fclen operasyon kapsam\u0131nda savc\u0131 S.\u00c7.S&#8217;nin operasyon \u00f6ncesi \u0130BB Ba\u015fkan\u0131 Ekrem \u0130mamo\u011flu&#8217;nun avukat\u0131 Mehmet Pehlivan&#8217;\u0131 ile g\u00f6r\u00fc\u015ferek operasyonu s\u0131zd\u0131rd\u0131\u011f\u0131 iddia edildi. \u0130ktidara yak\u0131n medya taraf\u0131ndan servis edilen haberde, \u015eanl\u0131urfa Cumhuriyet Ba\u015fsavc\u0131l\u0131\u011f\u0131 b\u00fcnyesinde g\u00f6revlendirilen savc\u0131n\u0131n a\u00e7\u0131\u011fa al\u0131nd\u0131\u011f\u0131 iddia edildi.\u0130BB&#8217;ye y\u00f6nelik y\u00fcr\u00fct\u00fclen operasyon kapsam\u0131nda savc\u0131 S.\u00c7.S&#8217;nin operasyon \u00f6ncesi \u0130BB Ba\u015fkan\u0131 Ekrem \u0130mamo\u011flu&#8217;nun avukat\u0131 Mehmet Pehlivan&#8217;\u0131 ile g\u00f6r\u00fc\u015ferek operasyonu s\u0131zd\u0131rd\u0131\u011f\u0131 iddia edildi. \u0130ktidara yak\u0131n medya taraf\u0131ndan servis edilen haberde, \u015eanl\u0131urfa Cumhuriyet Ba\u015fsavc\u0131l\u0131\u011f\u0131 b\u00fcnyesinde g\u00f6revlendirilen savc\u0131n\u0131n a\u00e7\u0131\u011fa al\u0131nd\u0131\u011f\u0131 iddia edildi.\u00a0<a href=\"https:\/\/www.cumhuriyet.com.tr\/turkiye\/yandastan-al-haberi-ibb-sorusturmasinda-savci-iddiasi-ifadesi-alindi-2457413\" target=\"_blank\" class=\"feedzy-rss-link-icon\">Read More<\/a><\/p>","protected":false},"excerpt":{"rendered":"<p>\u0130BB&#8217;ye y\u00f6nelik y\u00fcr\u00fct\u00fclen operasyon kapsam\u0131nda savc\u0131 S.\u00c7.S&#8217;nin operasyon \u00f6ncesi \u0130BB Ba\u015fkan\u0131 Ekrem \u0130mamo\u011flu&#8217;nun avukat\u0131 Mehmet Pehlivan&#8217;\u0131 ile g\u00f6r\u00fc\u015ferek operasyonu s\u0131zd\u0131rd\u0131\u011f\u0131 iddia edildi. \u0130ktidara yak\u0131n medya taraf\u0131ndan servis edilen haberde, \u015eanl\u0131urfa Cumhuriyet Ba\u015fsavc\u0131l\u0131\u011f\u0131 b\u00fcnyesinde g\u00f6revlendirilen savc\u0131n\u0131n a\u00e7\u0131\u011fa al\u0131nd\u0131\u011f\u0131 iddia edildi.\u0130BB&#8217;ye y\u00f6nelik y\u00fcr\u00fct\u00fclen operasyon kapsam\u0131nda savc\u0131 S.\u00c7.S&#8217;nin operasyon \u00f6ncesi \u0130BB Ba\u015fkan\u0131 Ekrem \u0130mamo\u011flu&#8217;nun avukat\u0131 Mehmet Pehlivan&#8217;\u0131 ile [&hellip;]<\/p>\n","protected":false},"author":1,"featured_media":12548,"comment_status":"open","ping_status":"open","sticky":false,"template":"","format":"standard","meta":{"footnotes":"","_links_to":"","_links_to_target":""},"categories":[1],"tags":[],"class_list":["post-12547","post","type-post","status-publish","format-standard","has-post-thumbnail","hentry","category-haberler"],"_links":{"self":[{"href":"https:\/\/www.abchukuk.com\/index.php\/wp-json\/wp\/v2\/posts\/12547","targetHints":{"allow":["GET"]}}],"collection":[{"href":"https:\/\/www.abchukuk.com\/index.php\/wp-json\/wp\/v2\/posts"}],"about":[{"href":"https:\/\/www.abchukuk.com\/index.php\/wp-json\/wp\/v2\/types\/post"}],"author":[{"embeddable":true,"href":"https:\/\/www.abchukuk.com\/index.php\/wp-json\/wp\/v2\/users\/1"}],"replies":[{"embeddable":true,"href":"https:\/\/www.abchukuk.com\/index.php\/wp-json\/wp\/v2\/comments?post=12547"}],"version-history":[{"count":0,"href":"https:\/\/www.abchukuk.com\/index.php\/wp-json\/wp\/v2\/posts\/12547\/revisions"}],"wp:featuredmedia":[{"embeddable":true,"href":"https:\/\/www.abchukuk.com\/index.php\/wp-json\/wp\/v2\/media\/12548"}],"wp:attachment":[{"href":"https:\/\/www.abchukuk.com\/index.php\/wp-json\/wp\/v2\/media?parent=12547"}],"wp:term":[{"taxonomy":"category","embeddable":true,"href":"https:\/\/www.abchukuk.com\/index.php\/wp-json\/wp\/v2\/categories?post=12547"},{"taxonomy":"post_tag","embeddable":true,"href":"https:\/\/www.abchukuk.com\/index.php\/wp-json\/wp\/v2\/tags?post=12547"}],"curies":[{"name":"wp","href":"https:\/\/api.w.org\/{rel}","templated":true}]}}